{"id":78,"date":"2006-12-28T07:56:32","date_gmt":"2006-12-28T04:56:32","guid":{"rendered":"http:\/\/www.remgo.com\/11\/?p=78"},"modified":"2022-03-06T22:14:40","modified_gmt":"2022-03-06T19:14:40","slug":"amerikan-medyasinda-11-eylul","status":"publish","type":"post","link":"https:\/\/www.remgo.com\/11\/amerikan-medyasinda-11-eylul\/","title":{"rendered":"Amerikan Medyas\u0131nda 11 Eyl\u00fcl"},"content":{"rendered":"\n<p class=\"has-text-align-left is-style-cnvs-paragraph-callout has-background cnvs-block-core-paragraph-1646305220305\" style=\"background-color:#f1f1f1;font-size:18px;font-style:normal;font-weight:500\">New York 11 Eyl\u00fcl 2001 Sal\u0131 sabah\u0131 g\u00fcne her zamanki gibi ba\u015flad\u0131. D\u00fcnyan\u0131n en \u00f6nemli finans merkezi olan New York&#8217;un g\u00fcc\u00fcn\u00fc yans\u0131tan g\u00f6kdelenler, binlerce insan\u0131n mesailerine ev sahipli\u011fi yap\u0131yordu.<\/p>\n\n\n\n<div class=\"wp-block-columns are-vertically-aligned-center cnvs-block-core-columns-1646316044416 is-layout-flex wp-container-core-columns-is-layout-9d6595d7 wp-block-columns-is-layout-flex\">\n<div class=\"wp-block-column is-vertically-aligned-center is-layout-flow wp-block-column-is-layout-flow\">\n<iframe loading=\"lazy\" width=\"560\" height=\"315\" src=\"https:\/\/www.youtube.com\/embed\/AzQV0_g0N_s\" title=\"YouTube video player\" frameborder=\"0\" allow=\"accelerometer; autoplay; clipboard-write; encrypted-media; gyroscope; picture-in-picture\" allowfullscreen=\"\"><\/iframe>\n<\/div>\n\n\n\n<div class=\"wp-block-column is-vertically-aligned-center cnvs-block-core-column-1646316046003 is-layout-flow wp-block-column-is-layout-flow\">\n<h2 class=\"wp-block-heading\" id=\"efsane-isimlerin-izinde-gizemli-yolculuklar\">D\u00fcnyan\u0131n canl\u0131 yay\u0131ndan izledi\u011fi deh\u015fet<\/h2>\n\n\n\n<p>Saat dokuz s\u0131ralar\u0131nda Boston&#8217;dan Los Angeles&#8217;a gitmek \u00fczere havalanm\u0131\u015f olan bir yolcu u\u00e7a\u011f\u0131 teroristlerce ka\u00e7\u0131r\u0131ld\u0131. K\u0131sa bir s\u00fcre sonra da ka\u00e7\u0131r\u0131ld\u0131\u011f\u0131 a\u00e7\u0131klanan u\u00e7a\u011f\u0131n \u0130kiz Kuleler&#8217;den kuzeydekine \u00e7arpmas\u0131, sadece New York ya da ABD&#8217;de de\u011fil, t\u00fcm d\u00fcnyada \u015fok etkisi yaratt\u0131 ve adeta d\u00fcnyan\u0131n kaderini de\u011fi\u015ftirdi.<\/p>\n<\/div>\n<\/div>\n\n\n\n<div class=\"wp-block-columns are-vertically-aligned-center cnvs-block-core-columns-1646316772469 is-layout-flex wp-container-core-columns-is-layout-9d6595d7 wp-block-columns-is-layout-flex\">\n<div class=\"wp-block-column is-vertically-aligned-center cnvs-block-core-column-1646316772427 is-layout-flow wp-block-column-is-layout-flow\">\n<h2 class=\"wp-block-heading\" id=\"efsane-isimlerin-izinde-gizemli-yolculuklar\">MEDYANIN DEH\u015eETLE SINAVI<\/h2>\n\n\n\n<p class=\"is-style-default cnvs-block-core-paragraph-1646305485227\">O g\u00fcnlerde ABD\u2019de ya\u015fayan Remzi G\u00f6kda\u011f, 11 Eyl\u00fcl\u2019\u00fc dakika dakika Amerikan medyas\u0131ndan izledi. Televizyon g\u00f6r\u00fcnt\u00fclerini ve haberleri s\u0131ca\u011f\u0131 s\u0131ca\u011f\u0131na inceledi. Amerikan televizyonlar\u0131yla T\u00fcrkiye aras\u0131ndaki \u2018sorumlu yay\u0131nc\u0131l\u0131k\u2019 anlay\u0131\u015f\u0131n\u0131 kar\u015f\u0131la\u015ft\u0131rd\u0131. \u00c7al\u0131\u015fmalar\u0131n\u0131 AMER\u0130KAN MEDYASINDA 11 EYL\u00dcL ad\u0131yla kitapla\u015ft\u0131rd\u0131.<\/p>\n<\/div>\n\n\n\n<div class=\"wp-block-column is-vertically-aligned-center is-layout-flow wp-block-column-is-layout-flow\">\n<div class=\"wp-block-image is-style-default\"><figure class=\"aligncenter size-large\"><img loading=\"lazy\" decoding=\"async\" width=\"1160\" height=\"774\" src=\"https:\/\/www.remgo.com\/11\/wp-content\/uploads\/2006\/12\/amerikan_medyasinda_11_eylul-1160x774.jpg\" alt=\"Amerikan Medyas\u0131nda 11 Eyl\u00fcl\" class=\"wp-image-58272\" title=\"\" srcset=\"https:\/\/www.remgo.com\/11\/wp-content\/uploads\/2006\/12\/amerikan_medyasinda_11_eylul-1160x774.jpg 1160w, https:\/\/www.remgo.com\/11\/wp-content\/uploads\/2006\/12\/amerikan_medyasinda_11_eylul-800x534.jpg 800w, https:\/\/www.remgo.com\/11\/wp-content\/uploads\/2006\/12\/amerikan_medyasinda_11_eylul-1536x1024.jpg 1536w, https:\/\/www.remgo.com\/11\/wp-content\/uploads\/2006\/12\/amerikan_medyasinda_11_eylul-60x40.jpg 60w, https:\/\/www.remgo.com\/11\/wp-content\/uploads\/2006\/12\/amerikan_medyasinda_11_eylul-720x480.jpg 720w, https:\/\/www.remgo.com\/11\/wp-content\/uploads\/2006\/12\/amerikan_medyasinda_11_eylul.jpg 1600w\" sizes=\"auto, (max-width: 1160px) 100vw, 1160px\" \/><figcaption>Amerikan Medyas\u0131nda 11 Eyl\u00fcl<\/figcaption><\/figure><\/div>\n<\/div>\n<\/div>\n\n\n\n<blockquote class=\"wp-block-quote is-style-plain cnvs-block-core-quote-1645189840071 is-layout-flow wp-block-quote-is-layout-flow\" style=\"font-style:normal;font-weight:400\"><p>&#8220;<em>11 Eyl\u00fcl ter\u00f6r sald\u0131r\u0131lar\u0131 sonras\u0131nda \u00e7ok k\u0131sa bir s\u00fcre i\u00e7inde d\u00fcnya \u00e7ap\u0131nda son dakika haberi olarak televizyonlarda yer bulmu\u015ftu. G\u00fcnlerce aral\u0131ks\u0131z bir \u015fekilde New York&#8217;tan devam eden yay\u0131nlar\u0131n yan\u0131 s\u0131ra gazeteler de yine ayn\u0131 \u015fekilde man\u015fetlerini 11 Eyl\u00fcl haberlerine ay\u0131rm\u0131\u015ft\u0131. \u0130nternetin hen\u00fcz emekleme d\u00f6neminde oldu\u011fu o g\u00fcnlerde televizyon ve gazeteler kamuoyunun olaylar\u0131 en \u00e7ok takip etti\u011fi mecralard\u0131.<\/em>&#8220;<\/p><p><strong>Remzi G\u00f6kda\u011f<\/strong><\/p><\/blockquote>\n\n\n\n\n\n<div class=\"wp-block-columns are-vertically-aligned-top is-layout-flex wp-container-core-columns-is-layout-9d6595d7 wp-block-columns-is-layout-flex\">\n<div class=\"wp-block-column is-vertically-aligned-top is-layout-flow wp-block-column-is-layout-flow\" style=\"flex-basis:66.66%\">\n<p class=\"is-style-default\">Olay\u0131 ya\u015fayan y\u00fczbinlerce ki\u015fide, ankisiyete, ruhsal travmalar, davran\u0131\u015f bozuklar\u0131, psikiyatrik sorunlar ve fobiler tespit edildi. <\/p>\n\n\n\n<p class=\"is-style-default\">Sald\u0131r\u0131lar\u0131n ard\u0131ndan ABD&#8217;nin &#8220;ter\u00f6re kar\u015f\u0131 a\u00e7t\u0131\u011f\u0131 sava\u015f&#8221; sonucu ABD birlikleri 2001&#8217;de Afganistan&#8217;a, 2003&#8217;te ise Irak&#8217;a girdi. <\/p>\n\n\n\n<p class=\"is-style-default\">Ancak Amerikan y\u00f6netiminin ter\u00f6re kar\u015f\u0131 y\u00fcr\u00fctt\u00fc\u011f\u00fc sava\u015fta i\u015fler planland\u0131\u011f\u0131 gibi gitmedi. El Kaide lideri Usame Bin Ladin, sald\u0131r\u0131lardan 10 y\u0131l sonra 2011&#8217;de \u00f6ld\u00fcr\u00fclse de, Afganistan hi\u00e7 bir zaman istikrara kavu\u015famad\u0131. <\/p>\n\n\n\n<p><\/p>\n\n\n\n<p class=\"is-style-default\">Saddam H\u00fcseyin&#8217;in ter\u00f6re destek verdi\u011fi ve kitle imha silahlar\u0131na sahip oldu\u011fu iddias\u0131 uluslararas\u0131 kamuoyunda i\u015flenerek; Nisan 2003&#8217;te Irak i\u015fgal edildi. Baas y\u00f6netimi iktidar\u0131na son verilirken, Saddam H\u00fcseyin yakaland\u0131 ve idam edildi. Kitle imha silahlar\u0131n\u0131n varl\u0131\u011f\u0131 ise hi\u00e7bir zaman kan\u0131tlanamad\u0131. <\/p>\n\n\n\n<p class=\"is-style-default\">Irak&#8217;\u0131n i\u015fgali ve Saddam&#8217;\u0131n devrilmesi, y\u0131llar sonra yeni bir d\u00fc\u015fman yaratt\u0131. Tarihin en sars\u0131c\u0131, en b\u00fcy\u00fck kitlesel ter\u00f6r eylemi olarak kay\u0131tlara ge\u00e7en 11 Eyl\u00fcl, ABD&#8217;nin ba\u015flatt\u0131\u011f\u0131 &#8220;k\u00fcresel ter\u00f6rle sava\u015f&#8221; d\u00f6neminin de milad\u0131 oldu.<\/p>\n\n\n\n\n\n<p style=\"line-height:2\">\u201c\u0130ki farkl\u0131 haber anlay\u0131\u015f\u0131n\u0131n birbirinden farkl\u0131 iki toplumu nas\u0131l bilgilendirdi\u011fini bir kez daha anlad\u0131m. 11 Eyl\u00fcl\u2019\u00fcn bendeki tek tesellisi geli\u015fmeleri Amerikan televizyonlar\u0131ndan izleme imkan\u0131 bulmu\u015f olmamd\u0131. Bu korkun\u00e7 facia, televizyon kanallar\u0131nca reyting m\u00fccadelesine d\u00f6n\u00fc\u015ft\u00fcr\u00fclmedi. Aksine elindeki g\u00f6r\u00fcnt\u00fcleri birbirleriyle payla\u015fan televizyon kanallar\u0131 Amerikan medyas\u0131nda bir ilke imza att\u0131. B\u00fct\u00e7elerinde b\u00fcy\u00fck hasara neden olaca\u011f\u0131n\u0131 bilmelerine kar\u015f\u0131n reklamlar\u0131 yay\u0131ndan kald\u0131rarak kesintisiz haber yay\u0131n\u0131na ba\u015flad\u0131lar. Televizyon habercileri, g\u00f6r\u00fcnt\u00fcler kar\u015f\u0131s\u0131nda nefesini tutmu\u015f hareketsiz bekleyen halk\u0131 pani\u011fe s\u00fcr\u00fckleyecek hi\u00e7bir davran\u0131\u015fta bulunmad\u0131. Do\u011fru bilgiye ula\u015fmadan sansasyonel haberi tercih etmedi. Amerikan izleyicisi kriz an\u0131nda televizyonlar\u0131n\u0131n kar\u015f\u0131s\u0131nda so\u011fukkanl\u0131l\u0131\u011f\u0131n\u0131 kaybetmeyen haber sunucular\u0131yla kar\u015f\u0131la\u015ft\u0131, 14 saat aral\u0131ks\u0131z s\u00fcrd\u00fcrd\u00fckleri canl\u0131 yay\u0131nlarla bu habercilerin profesyonelli\u011fine tan\u0131k oldu. Haz\u0131rl\u0131ks\u0131z yakaland\u0131\u011f\u0131 tarihinin bu en b\u00fcy\u00fck s\u0131nav\u0131nda h\u0131zl\u0131 davranarak geli\u015fmeleri an\u0131nda duyurmay\u0131 ba\u015faran televizyonlar, Amerikan halk\u0131n\u0131n g\u00f6z\u00fcnde g\u00f6revini en iyi \u015fekilde yerine getirmi\u015fti. Gazeteler, ayn\u0131 g\u00fcn yapt\u0131klar\u0131 erken bask\u0131larla olay\u0131 okurlar\u0131na iletti. Radyolar \u0130kinci D\u00fcnya Sava\u015f\u0131 g\u00fcnlerinden bu yana ilk kez eski itibar\u0131n\u0131 yakalad\u0131. \u0130nternetin haber siteleri rekor say\u0131da ziyaret\u00e7iye bilgi sundu. Ekrana yans\u0131yan baz\u0131 hatalar\u0131 medyan\u0131n 11 Eyl\u00fcl\u2019deki rol\u00fcne g\u00f6lge d\u00fc\u015f\u00fcrmedi ve medya b\u00f6ylesine b\u00fcy\u00fck bir facia kar\u015f\u0131s\u0131nda yap\u0131labilecek en iyi habercili\u011fi yerine getirdi. 11 Eyl\u00fcl sald\u0131r\u0131lar\u0131 her kesimden \u00e7e\u015fitli tart\u0131\u015fmalar\u0131n y\u00fckselmesine neden oldu. Sald\u0131r\u0131lar\u0131n nedeni, sonucu, etkileri, tepkileri, askeri boyutu, ekonomik yank\u0131s\u0131, teoriler, tezler\u2026 B\u00fct\u00fcn bu karma\u015fan\u0131n i\u00e7inde ben olay\u0131n gazetecilik boyutuyla ilgiliydim. Hangi kanal hangi g\u00f6r\u00fcnt\u00fcy\u00fc kulland\u0131, naklen yay\u0131nlarda kim nas\u0131l haber verdi, gazeteler olay\u0131 nas\u0131l duyurdu, dergilerin mizanpaj\u0131 nas\u0131l de\u011fi\u015fti? 11 Eyl\u00fcl\u2019\u00fc izleyen g\u00fcnlerde bu sorular\u0131n yan\u0131t\u0131n\u0131 aramaya \u00e7al\u0131\u015ft\u0131m. Ald\u0131\u011f\u0131m notlar, izledi\u011fim g\u00f6r\u00fcnt\u00fcler, g\u00f6r\u00fc\u015ft\u00fc\u011f\u00fcm ki\u015filer sonras\u0131nda bu \u00e7al\u0131\u015fma ortaya \u00e7\u0131kt\u0131.\u201d<\/p>\n<\/div>\n\n\n\n<div class=\"wp-block-column is-vertically-aligned-top is-layout-flow wp-block-column-is-layout-flow\" style=\"flex-basis:33.33%\">\n<figure class=\"wp-block-image size-full is-style-default\"><img loading=\"lazy\" decoding=\"async\" width=\"312\" height=\"969\" src=\"https:\/\/www.remgo.com\/11\/wp-content\/uploads\/2006\/12\/2001.11.17_p7.jpg\" alt=\"\" class=\"wp-image-1115\" title=\"\" srcset=\"https:\/\/www.remgo.com\/11\/wp-content\/uploads\/2006\/12\/2001.11.17_p7.jpg 312w, https:\/\/www.remgo.com\/11\/wp-content\/uploads\/2006\/12\/2001.11.17_p7-60x186.jpg 60w\" sizes=\"auto, (max-width: 312px) 100vw, 312px\" \/><figcaption>Amerikan Medyas\u0131nda 11 Eyl\u00fcl<\/figcaption><\/figure>\n\n\n\n<p><strong><a href=\"https:\/\/www.kitapyurdu.com\/kitap\/amerikan-medyasinda-11-eylul\/42572.html\" target=\"_blank\" rel=\"noreferrer noopener nofollow\">Amerikan Medyas\u0131nda 11 Eyl\u00fcl<\/a><\/strong><br><strong>Yay\u0131n Y\u0131l\u0131:<\/strong>&nbsp;2001<br><strong>Sayfa:<\/strong>&nbsp;112<br><strong>ISBN:<\/strong>&nbsp;9753901747<br><strong>Konu:<\/strong>&nbsp;Tarih\/\u00d6nemli olaylar; Siyaset\/Akt\u00fcel siyaset.<\/p>\n<\/div>\n<\/div>\n\n\n\n<hr class=\"wp-block-separator has-text-color has-background has-black-background-color has-black-color is-style-wide\"\/>\n\n\n\n<p><\/p>\n","protected":false},"excerpt":{"rendered":"<p>\u201c\u0130ki farkl\u0131 haber anlay\u0131\u015f\u0131n\u0131n birbirinden farkl\u0131 iki toplumu nas\u0131l bilgilendirdi\u011fini bir kez daha anlad\u0131m. 11 Eyl\u00fcl\u2019\u00fcn bendeki tek tesellisi geli\u015fmeleri Amerikan televizyonlar\u0131ndan izleme imkan\u0131 bulmu\u015f olmamd\u0131. Bu korkun\u00e7 facia, televizyon kanallar\u0131nca reyting m\u00fccadelesine d\u00f6n\u00fc\u015ft\u00fcr\u00fclmedi. Aksine elindeki g\u00f6r\u00fcnt\u00fcleri birbirleriyle&#8230;\u201d<\/p>\n","protected":false},"author":1,"featured_media":58272,"comment_status":"closed","ping_status":"closed","sticky":false,"template":"","format":"video","meta":{"footnotes":""},"categories":[10],"tags":[205],"class_list":["post-78","post","type-post","status-publish","format-video","has-post-thumbnail","hentry","category-kitap","tag-amerikan-medyasinda-11-eylul","post_format-post-format-video"],"_links":{"self":[{"href":"https:\/\/www.remgo.com\/11\/wp-json\/wp\/v2\/posts\/78","targetHints":{"allow":["GET"]}}],"collection":[{"href":"https:\/\/www.remgo.com\/11\/wp-json\/wp\/v2\/posts"}],"about":[{"href":"https:\/\/www.remgo.com\/11\/wp-json\/wp\/v2\/types\/post"}],"author":[{"embeddable":true,"href":"https:\/\/www.remgo.com\/11\/wp-json\/wp\/v2\/users\/1"}],"replies":[{"embeddable":true,"href":"https:\/\/www.remgo.com\/11\/wp-json\/wp\/v2\/comments?post=78"}],"version-history":[{"count":0,"href":"https:\/\/www.remgo.com\/11\/wp-json\/wp\/v2\/posts\/78\/revisions"}],"wp:featuredmedia":[{"embeddable":true,"href":"https:\/\/www.remgo.com\/11\/wp-json\/wp\/v2\/media\/58272"}],"wp:attachment":[{"href":"https:\/\/www.remgo.com\/11\/wp-json\/wp\/v2\/media?parent=78"}],"wp:term":[{"taxonomy":"category","embeddable":true,"href":"https:\/\/www.remgo.com\/11\/wp-json\/wp\/v2\/categories?post=78"},{"taxonomy":"post_tag","embeddable":true,"href":"https:\/\/www.remgo.com\/11\/wp-json\/wp\/v2\/tags?post=78"}],"curies":[{"name":"wp","href":"https:\/\/api.w.org\/{rel}","templated":true}]}}