{"id":65796,"date":"1992-12-12T14:18:00","date_gmt":"1992-12-12T11:18:00","guid":{"rendered":"https:\/\/www.remgo.com\/11\/?p=65796"},"modified":"2023-03-08T15:05:41","modified_gmt":"2023-03-08T12:05:41","slug":"park-otelin-yikimina-onay","status":"publish","type":"post","link":"https:\/\/www.remgo.com\/11\/park-otelin-yikimina-onay\/","title":{"rendered":"Park Otel&#8217;in y\u0131k\u0131m\u0131na onay"},"content":{"rendered":"\n<p><\/p>\n\n\n\n<p>Beyo\u011flu Belediyesi, y\u0131k\u0131m plan\u0131n\u0131 oybirli\u011fiyle kabul etti. Plana g\u00f6re in\u015faat\u0131n sekiz kat\u0131 y\u0131k\u0131larak otelin boyu k\u0131salt\u0131lacak.<\/p>\n\n\n\n<p>Park Otel&#8217;in fazla katlar\u0131n\u0131n y\u0131k\u0131m\u0131 i\u00e7in geriye say\u0131m ba\u015flad\u0131. \u0130n\u015faat\u0131n 8 kat\u0131n\u0131n y\u0131k\u0131larak Alman Konsoloslu\u011fu&#8217;nun seviyesine indirilmesini \u00f6ng\u00f6ren uygulama plan\u0131. Beyo\u011flu Belediyesi&#8217;nce oybirli\u011fiyle kabul edildi. Park Otel&#8217;in boyunu k\u0131saltacak plan olarak kabul edilen uygulama plan\u0131n\u0131n kabul edilmesinin ard\u0131ndan, plan B\u00fcy\u00fck\u015fehir Belediye Meclisi&#8217;ne g\u00f6nderilecek. B\u00fcy\u00fck\u015fehir Belediye Meclisi&#8217;nin kabul edece\u011fi plan. Bay\u0131nd\u0131rl\u0131k ve \u0130skan Bakanl\u0131\u011f\u0131 ile Turizm<\/p>\n\n\n\n<p>Bakanl\u0131\u011f\u0131&#8217;nca da onaylanmas\u0131n\u0131n ard\u0131ndan in\u015faat\u0131n fazla katlar\u0131n\u0131n y\u0131k\u0131m\u0131na ba\u015flanacak. Yetkililer s\u00f6zkonusu i\u015flemlerin 3 aya kadar tamamlan\u0131p y\u0131k\u0131m i\u015fleminin ger\u00e7ekle\u015ftirilebilece\u011fini s\u00f6ylediler. B\u00fcy\u00fck\u015fehir Belediye Meclisi&#8217;nin kabul etti\u011fi 1\/5000 \u00f6l\u00e7ekli plan\u0131n bir alt plan\u0131 olan uygulama plan\u0131na g\u00f6re Park Otel&#8217;in yakla\u015f\u0131k 8 kati y\u0131k\u0131larak biti\u015fik teki Alman Konsoloslu\u011fu&#8217;nun seviyesine indirilecek. \u0130n\u015faat alan\u0131na dahil edilen A\u011fa \u00c7\u0131ra\u011f\u0131 Soka\u011f\u0131 tekrar hizmete a\u00e7\u0131lacak. 33 katl\u0131 g\u00f6kdelen blokunun yap\u0131laca\u011f\u0131 C blok in\u015faat\u0131 zemin kat\u0131na kadar yap\u0131lacak ve \u00fcst\u00fc ye\u015fil alan olarak yeniden d\u00fczenlenecek.<\/p>\n\n\n\n<p>Konuyla ilgili olarak g\u00f6r\u00fc\u015ft\u00fc\u011f\u00fcm\u00fcz bir yetkili, i\u015flemlerin en k\u0131sa s\u00fcrede halledilebilmesi \u00e7al\u0131\u015fmalara ba\u015fland\u0131\u011f\u0131n\u0131 belirterek, &#8220;S\u00f6z konusu plan\u0131 daha \u00f6nce B\u00fcy\u00fck\u015fehir Belediye Meclisi kabul edip onaylad\u0131. Bakanl\u0131\u011f\u0131 ile Bay\u0131nd\u0131rlik ve \u0130skan Bakanl\u0131\u011f\u0131&#8217;nca da onaylanan plan bize geldi. Biz kabul edilen plan tekrar ayn\u0131 onaylanacak. Yani bu kurulu\u015flar bu plana daha evet dediklerinden, bu plan\u0131 kabul ettiklerinden i\u015flemler &#8221; dedi. Beyo\u011flu Belediye Meclisi plana notlar da ekledi:<\/p>\n\n\n\n<p>Teknik gereklilikten kaynaklanan asans\u00f6r, merdiven kat\u0131 ve tesisat kat\u0131 gibi y\u00fcksek in\u015faat y\u00fcksekli\u011finin d\u0131\u015f\u0131ndad\u0131r.<\/p>\n\n\n\n<p>Yap\u0131lacak binan\u0131n en \u00fcst kat\u0131, biti\u015fi\u011findeki Alman Konsoloslu\u011fu&#8217;nun \u00e7at\u0131 kat\u0131n\u0131 ge\u00e7emez.<\/p>\n\n\n\n<p>B\u00fcy\u00fck\u015fehir Belediye Ba\u015fkanl\u0131\u011f\u0131&#8217;nca onaylanacak avant projeye g\u00f6re uygulama yap\u0131lacak.<\/p>\n\n\n\n<p>Bu arada Park Otel in\u015faat\u0131n\u0131n \u00f6n\u00fcnde bulunan temel \u00e7ukurunun b\u00f6lgede g\u00f6\u00e7\u00fck tehlikesi olu\u015fturdu\u011fu ve \u00e7ukurun yan cephelerini tutan \u00e7elik \u00e7ubuklar\u0131n bir k\u0131sm\u0131n\u0131n \u00f6mr\u00fcn\u00fc doldurdu\u011fu yolundaki bilirki\u015fi raporuna kar\u015f\u0131n \u0130stanbul B\u00fcy\u00fck\u015fehir Belediye Ba\u015fkanl\u0131\u011f\u0131 da bir rapor haz\u0131rlad\u0131.<\/p>\n\n\n\n<p>B\u00fcy\u00fck\u015fehir Belediyesi Genel Sekreter Yard\u0131mc\u0131s\u0131 Prof.Dr. Mete Tapan&#8217;\u0131n Beyo\u011flu Belediye Ba\u015fkanl\u0131\u011f\u0131&#8217;na g\u00f6nderdi\u011fi yaz\u0131da, &#8220;Mevcut istinat duvar\u0131 ve ankrajlar \u00e7\u00f6kme ve kaymay\u0131 \u00f6nlemeye yeterli olmad\u0131\u011f\u0131 takdirde in\u015faat \u00e7ukurunun belli bir seviyesine kadar s\u0131k\u0131\u015ft\u0131r\u0131lm\u0131\u015f malzeme ile doldurulmas\u0131 ve dolgu alan\u0131n\u0131n kademeli olarak beton ku\u015fakla kaplanmas\u0131 bir \u00e7\u00f6z\u00fcm yolu olabilir&#8221; dedi.<\/p>\n\n\n\n<figure class=\"wp-block-image size-large\"><img decoding=\"async\" src=\"https:\/\/lh3.googleusercontent.com\/pw\/AMWts8DtgZvxa74HlCr7IgatoPRlhEJILFDIh0uvyCr1qgziF3H3wAixxxRRQqJrit5uLobWVSsQzuEejJC2PsFw1BvhqIeHXBletW1qLwThG83ERIiTwWicExgpIC-o6Oel1LC09mO-sMeoTnGAUs6SH-a9fg=w961-h302-no?authuser=1\" alt=\"\" title=\"\"><figcaption><\/figcaption><\/figure>\n\n\n\n<p>12 Aral\u0131k 1992 Sayfa 19<\/p>\n","protected":false},"excerpt":{"rendered":"<p>Beyo\u011flu Belediyesi, y\u0131k\u0131m plan\u0131n\u0131 oybirli\u011fiyle kabul etti. Plana g\u00f6re in\u015faat\u0131n sekiz kat\u0131 y\u0131k\u0131larak otelin boyu k\u0131salt\u0131lacak. Park Otel&#8217;in fazla katlar\u0131n\u0131n y\u0131k\u0131m\u0131 i\u00e7in geriye say\u0131m ba\u015flad\u0131. \u0130n\u015faat\u0131n 8 kat\u0131n\u0131n y\u0131k\u0131larak Alman Konsoloslu\u011fu&#8217;nun seviyesine indirilmesini \u00f6ng\u00f6ren uygulama plan\u0131. Beyo\u011flu Belediyesi&#8217;nce oybirli\u011fiyle kabul edildi. Park Otel&#8217;in boyunu k\u0131saltacak plan olarak kabul edilen uygulama plan\u0131n\u0131n kabul edilmesinin ard\u0131ndan, plan B\u00fcy\u00fck\u015fehir Belediye Meclisi&#8217;ne g\u00f6nderilecek. B\u00fcy\u00fck\u015fehir Belediye Meclisi&#8217;nin kabul edece\u011fi plan. Bay\u0131nd\u0131rl\u0131k ve \u0130skan Bakanl\u0131\u011f\u0131 ile Turizm Bakanl\u0131\u011f\u0131&#8217;nca da onaylanmas\u0131n\u0131n ard\u0131ndan in\u015faat\u0131n fazla katlar\u0131n\u0131n y\u0131k\u0131m\u0131na ba\u015flanacak. Yetkililer s\u00f6zkonusu i\u015flemlerin 3 aya kadar tamamlan\u0131p y\u0131k\u0131m i\u015fleminin ger\u00e7ekle\u015ftirilebilece\u011fini s\u00f6ylediler. B\u00fcy\u00fck\u015fehir Belediye Meclisi&#8217;nin kabul etti\u011fi 1\/5000 \u00f6l\u00e7ekli plan\u0131n bir<\/p>\n","protected":false},"author":1,"featured_media":65103,"comment_status":"closed","ping_status":"closed","sticky":false,"template":"","format":"standard","meta":{"footnotes":""},"categories":[1319],"tags":[1323],"class_list":["post-65796","post","type-post","status-publish","format-standard","has-post-thumbnail","hentry","category-remzi-gokdag-cumhuriyet-haber-arsivi-1992","tag-1323"],"_links":{"self":[{"href":"https:\/\/www.remgo.com\/11\/wp-json\/wp\/v2\/posts\/65796","targetHints":{"allow":["GET"]}}],"collection":[{"href":"https:\/\/www.remgo.com\/11\/wp-json\/wp\/v2\/posts"}],"about":[{"href":"https:\/\/www.remgo.com\/11\/wp-json\/wp\/v2\/types\/post"}],"author":[{"embeddable":true,"href":"https:\/\/www.remgo.com\/11\/wp-json\/wp\/v2\/users\/1"}],"replies":[{"embeddable":true,"href":"https:\/\/www.remgo.com\/11\/wp-json\/wp\/v2\/comments?post=65796"}],"version-history":[{"count":0,"href":"https:\/\/www.remgo.com\/11\/wp-json\/wp\/v2\/posts\/65796\/revisions"}],"wp:featuredmedia":[{"embeddable":true,"href":"https:\/\/www.remgo.com\/11\/wp-json\/wp\/v2\/media\/65103"}],"wp:attachment":[{"href":"https:\/\/www.remgo.com\/11\/wp-json\/wp\/v2\/media?parent=65796"}],"wp:term":[{"taxonomy":"category","embeddable":true,"href":"https:\/\/www.remgo.com\/11\/wp-json\/wp\/v2\/categories?post=65796"},{"taxonomy":"post_tag","embeddable":true,"href":"https:\/\/www.remgo.com\/11\/wp-json\/wp\/v2\/tags?post=65796"}],"curies":[{"name":"wp","href":"https:\/\/api.w.org\/{rel}","templated":true}]}}