{"id":65763,"date":"1992-10-27T14:02:00","date_gmt":"1992-10-27T11:02:00","guid":{"rendered":"https:\/\/www.remgo.com\/11\/?p=65763"},"modified":"2023-03-08T15:04:17","modified_gmt":"2023-03-08T12:04:17","slug":"yukselen-degerlerin-perde-arkasi","status":"publish","type":"post","link":"https:\/\/www.remgo.com\/11\/yukselen-degerlerin-perde-arkasi\/","title":{"rendered":"Y\u00fckselen de\u011ferlerin perde arkas\u0131"},"content":{"rendered":"\n<p><\/p>\n\n\n\n<p>Mustafa S\u00fczer Dolmabah\u00e7e s\u0131rtlar\u0131ndaki ye\u015fil alan\u0131 Turgut \u00d6zal&#8217;\u0131n te\u015fvikiyle al\u0131r; 1983&#8217;te iktidar olan ANAP h\u00fck\u00fcmeti karar\u0131yla yap\u0131la\u015fmaya a\u00e7\u0131lan alan i\u00e7in G\u00f6kkafes yolu a\u00e7\u0131l\u0131r.<\/p>\n\n\n\n<ul class=\"wp-block-list\">\n<li>Y\u0131l 1930. \u00dcnl\u00fc kent planc\u0131s\u0131 Prost&#8217;un haz\u0131rlad\u0131\u011f\u0131 \u0130stanbul Naz\u0131m Plan\u0131&#8217;nda 2 No&#8217;lu Park&#8221; olarak ge\u00e7en Dolmabah\u00e7e Vadisi, korunmas\u0131 gerekli ye\u015fil saha olarak belirlendi.<\/li>\n\n\n\n<li>Y\u0131l 1979. An\u0131tlar Y\u00fcksek Kurulu 2 numaral\u0131 park\u0131n tamam\u0131n\u0131 do\u011fal S\u0130T alam\u0131 olarak kabul etti.<\/li>\n\n\n\n<li>Y\u0131l 1987. 2 numaral\u0131 park\u0131n orta yerinde bir zamanlar Kara Bali Bah\u00e7esi olarak an\u0131lan, daha sonralar\u0131 Pera Bah\u00e7eleri olarak isimlendirilen ye\u015fil alanda bir g\u00f6kdelen in\u015faat\u0131 i\u00e7in hafriyata ba\u015fland\u0131.<\/li>\n\n\n\n<li>Y\u0131l 1992. 134 metreye ula\u015facak G\u00f6kkafes in\u015faat\u0131na ba\u015fland\u0131. Bakanl\u0131\u011f\u0131n karanyla B\u00fcy\u00fck\u015fehir Belediyesi&#8217;nin istemi yerinde bulunarak y\u00fckseklik 24. 5 metreye indirildi.<\/li>\n<\/ul>\n\n\n\n<p>Bug\u00fcne kadar s\u00fcren \u00e7al\u0131\u015fmalarda in\u015faat\u0131n hen\u00fcz d\u00f6rt kat\u0131 y\u00fckseldi. Dolmabah\u00e7e Saray\u0131&#8217;n\u0131n hemen \u00fcst\u00fcnde y\u00fckselen bir Swiss Otel, Ayaspa\u015fa&#8217;n\u0131n \u00f6zg\u00fcn apartmanlar\u0131na biti\u015fik bir Park Otel ve Prost&#8217;un park\u0131n da. Ta\u015fk\u0131\u015fla binas\u0131n\u0131n hemen \u00f6n\u00fcnde 134 metrelik bir G\u00f6kkafes.<\/p>\n\n\n\n<p>G\u00f6kkafes in \u00f6nlenemeyen y\u00fckseli\u015fi 1983&#8217;lerde ANAP&#8217;\u0131n hen\u00fcz iktidar olmad\u0131\u011f\u0131 d\u00f6neme uzan\u0131r.<\/p>\n\n\n\n<p>O d\u00f6nemde ANAP&#8217;i destekleyen Mustafa ANAP Genel Ba\u015fkan\u0131 Turgut \u00d6zal, Taksimdeki bu ye\u015fil alam almas\u0131 i\u00e7in te\u015fvik eder. S\u00fczer de \u00e7e\u015fitli \u00fclkelerde ya\u015fayan 8 ayn\u0131 ki\u015fiden 6610 metrekarelik alan\u0131 159 milyon lira gibi bir bedelle al\u0131r. Fiyat \u00e7ok d\u00fc\u015f\u00fckt\u00fcr \u00e7\u00fcnk\u00fc, b\u00f6lge ye\u015fil aland\u0131r ve yap\u0131lanmaya kapal\u0131d\u0131r. Fakat aniden bu b\u00f6lge imara a\u00e7\u0131l\u0131r. Nas\u0131l m\u0131? Bunun yan\u0131t\u0131m\u0131 S\u00fczer.<\/p>\n\n\n\n<p>1987&#8217;de, o zaman Ba\u015fbakan olan Turgut \u00d6zal&#8217;\u0131n da kat\u0131ld\u0131\u011f\u0131 temel atma t\u00f6reninde herkesin \u00f6n\u00fcnde \u015f\u00f6yle a\u00e7\u0131klar:<\/p>\n\n\n\n<p>&#8220;O tarihte burada bir otel ve yan\u0131 s\u0131ra bir i\u015f merkezi kurmam\u0131 s\u00f6ylemi\u015ftiniz. Ve bunun da ancak sizin iktidar oldu\u011funuzda ba\u015far\u0131labilece\u011fini, h\u00fck\u00fcmet olunca bu tip d\u00fczenlemeleri yapt\u0131raca\u011f\u0131n\u0131z\u0131 s\u00f6ylemi\u015ftiniz. Ben bu g\u00f6r\u00fc\u015fleri ger\u00e7ekle\u015ftirmeyi bir g\u00f6rev kabul etmi\u015ftim. Bug\u00fcn bu hadisenin \u00fczerinden 4.5 y\u0131l ge\u00e7ti. Siz de s\u00f6z\u00fcn\u00fczde durdunuz, biz de. Siz s\u00f6z\u00fcn\u00fczde durarak gerekli idari ve ekonomik ortam\u0131 yaratt\u0131n\u0131z. Biz de emir telakki etti\u011fimiz iste\u011finizi aynen uygulad\u0131k.&#8221;<\/p>\n\n\n\n<p>\u015eimdi yine o d\u00f6nelim ve ad\u0131m ad\u0131m &#8220;G\u00f6kkafes in nas\u0131l y\u00fckseldi\u011fine bakal\u0131m:<\/p>\n\n\n\n<p>20.7.1983 tarihinde Ekonomik \u0130\u015fler Y\u00fcksek Koordinasyon Kurulu, 2 No&#8217;lu parka S\u00fczer Turizm A.\u015e. tarafindan 400 odal\u0131 l\u00fcks bir otel yap\u0131lmas\u0131na karar verdi. Bu karardan iki g\u00fcn sonra An\u0131tlar Y\u00fcksek Kurulu. 24.5 metre y\u00fcksekli\u011finde 48 bin metrekarelik in\u015faat\u0131n tarihi Ta\u015fk\u0131\u015fla binas\u0131 a\u00e7\u0131s\u0131ndan sak\u0131ncal\u0131 olmad\u0131\u011f\u0131 do\u011frultusunda g\u00f6r\u00fc\u015f bildirdi. Belediye meclisi s\u00f6zkonusu plan\u0131 onaylad\u0131ktan sonra \u0130mar ve \u0130skan Bakanl\u0131\u011f\u0131&#8217;na g\u00f6nderdi. Bakanl\u0131\u011f\u0131n da onay\u0131n\u0131n al\u0131nmas\u0131yla 19.12.1983 tarihinde S\u00fczer Turizm A.\u015e. imar durumunu ald\u0131.<\/p>\n\n\n\n<p>1984 y\u0131l\u0131nda \u015e\u00fczer&#8217;in i\u015f orta\u011f\u0131 Bedrettin Dalan, \u0130stanbul B\u00fcy\u00fck\u015fehir Belediye Ba\u015fkan\u0131 oldu. Belediye Ba\u015fkanl\u0131\u011f\u0131n\u0131n ilk g\u00fcnlerinde yapt\u0131\u011f\u0131 bir konu\u015fmas\u0131nda &#8220;Belediye ba\u015fkan\u0131 oldu\u011fum s\u00fcreden itibaren g\u00f6reve olan sayg\u0131mdan dolay\u0131 ili\u015fkide bulundugum firmalarla direkt ili\u015fkimi kestim. Fiili g\u00f6rev almad\u0131m. Aksini ispat eden olursa Belediye Ba\u015fkanl\u0131\u011f\u0131ndan istifa ederim&#8221; gazetelere deme\u00e7 veren Bedrettin Dalan&#8217;\u0131n. S\u00fczer D\u0131\u015f Ticaret A.\u015e&#8217;nin 7 May\u0131s 1984 tarihli ola\u011fan genel kurul toplant\u0131s\u0131nda ad\u0131 ge\u00e7iyordu. Yani Dalan, iki ayd\u0131r belediye ba\u015f kanl\u0131\u011f\u0131 g\u00f6revini y\u00fcr\u00fctmesine kar\u015f\u0131n ortaklar listesinde \u015firkete ortak oldu\u011fu belirleniyordu. Dalan&#8217;\u0131n ad\u0131 Mustafa S\u00fczer&#8217;le birlikte A grubu imza yetkilileri aras\u0131nda belirlenmesinin ard\u0131ndan Dalan &#8220;\u0130spatlay\u0131n istifa edeyim&#8221; s\u00f6zlerini unutuyordu.<\/p>\n\n\n\n<p>Ard\u0131ndan Bedrettin Dalan Belediye Ba\u015fkan\u0131 iken 1987 y\u0131l\u0131nda 24.5 metre olan in\u015faat y\u00fcksekli\u011fi 134 metreye y\u00fckseliyor, 48 bin metrekarelik in\u015faat alan\u0131 da 110 bin metrekareye \u00e7\u0131k\u0131yordu. \u0130stanbul&#8217;un \u0130stanbul oldu\u011fu g\u00fcnden beri ye\u015fil alan olan bu b\u00f6lgede yakla\u015f\u0131k 1.5 trilyon liral\u0131k rant elde ediliyordu.<\/p>\n\n\n\n<p>B\u00fct\u00fcn bu geli\u015fmeler s\u00fcrerken in\u015faat \u00e7ukuru a\u00e7\u0131l\u0131yor, aral\u0131ks\u0131z s\u00fcren \u00e7al\u0131\u015fmalardan sonra bodrum ve zemin katlar ortaya \u00e7\u0131k\u0131yordu.<\/p>\n\n\n\n<p>Ancak, 26 Mart 1989 yerel se\u00e7imlerinde Dalan kaybedip yerine SHP&#8217;nin aday\u0131 Nurettin S\u00f6zen se\u00e7ilince i\u015fler kar\u0131\u015ft\u0131.<\/p>\n\n\n\n<p>S\u00f6zen, i\u015fba\u015f\u0131na geldikten iki ay sonra &#8220;\u0130stanbul&#8217;un ba\u011fr\u0131na saplanm\u0131\u015f han\u00e7er&#8221; dedi\u011fi G\u00f6kkafes in\u015faat\u0131n\u0131n 17.5.1989 tarihinde &#8220;in\u015faat\u0131n yandaki parsellere tecav\u00fcz etti\u011fi&#8221; gerek\u00e7esiyle m\u00fch\u00fcrledi. Bu plan de\u011fi\u015fikli\u011fine g\u00f6re Beyo\u011flu Belediyesi in\u015faat\u0131 m\u00fch\u00fcrlemesi gerekirken i\u015flem \u0130stanbul B\u00fcy\u00fck\u015fehir Belediye Ba\u015fkanl\u0131\u011f\u0131 taraf\u0131ndan yap\u0131ld\u0131.<\/p>\n\n\n\n<p>Bu i\u015flem \u00fczerine in\u015faat sahiplerince S\u00f6zen aleyhine dava a\u00e7\u0131ld\u0131. Mahkeme belediye i\u015fleminin iptaline karar ver<\/p>\n\n\n\n<figure class=\"wp-block-image size-large\"><img decoding=\"async\" src=\"https:\/\/lh3.googleusercontent.com\/pw\/AMWts8Cy0_3FhDZcUubWt5oTHvkVZy8rxThkg2fdP7_HJumrSCh9KJPHIUBhGi2gDNpdYs1I1FPIWtuaIQpoySyT5xC3J3bdzT2GkY9Kq6ymjV1oHYs7lv1Yf7e_dirlbZA89zDqqnnqJja-w56hoDMTCoXM5A=w1091-h947-no?authuser=1\" alt=\"\" title=\"\"><figcaption><\/figcaption><\/figure>\n\n\n\n<p>27 Ekim 1992 Sayfa 18<\/p>\n","protected":false},"excerpt":{"rendered":"<p>Mustafa S\u00fczer Dolmabah\u00e7e s\u0131rtlar\u0131ndaki ye\u015fil alan\u0131 Turgut \u00d6zal&#8217;\u0131n te\u015fvikiyle al\u0131r; 1983&#8217;te iktidar olan ANAP h\u00fck\u00fcmeti karar\u0131yla yap\u0131la\u015fmaya a\u00e7\u0131lan alan i\u00e7in G\u00f6kkafes yolu a\u00e7\u0131l\u0131r. Bug\u00fcne kadar s\u00fcren \u00e7al\u0131\u015fmalarda in\u015faat\u0131n hen\u00fcz d\u00f6rt kat\u0131 y\u00fckseldi. Dolmabah\u00e7e Saray\u0131&#8217;n\u0131n hemen \u00fcst\u00fcnde y\u00fckselen bir Swiss Otel, Ayaspa\u015fa&#8217;n\u0131n \u00f6zg\u00fcn apartmanlar\u0131na biti\u015fik bir Park Otel ve Prost&#8217;un park\u0131n da. Ta\u015fk\u0131\u015fla binas\u0131n\u0131n hemen \u00f6n\u00fcnde 134 metrelik bir G\u00f6kkafes. G\u00f6kkafes in \u00f6nlenemeyen y\u00fckseli\u015fi 1983&#8217;lerde ANAP&#8217;\u0131n hen\u00fcz iktidar olmad\u0131\u011f\u0131 d\u00f6neme uzan\u0131r. O d\u00f6nemde ANAP&#8217;i destekleyen Mustafa ANAP Genel Ba\u015fkan\u0131 Turgut \u00d6zal, Taksimdeki bu ye\u015fil alam almas\u0131 i\u00e7in te\u015fvik eder. S\u00fczer de \u00e7e\u015fitli \u00fclkelerde ya\u015fayan 8 ayn\u0131 ki\u015fiden 6610 metrekarelik alan\u0131 159<\/p>\n","protected":false},"author":1,"featured_media":65103,"comment_status":"closed","ping_status":"closed","sticky":false,"template":"","format":"standard","meta":{"footnotes":""},"categories":[1319],"tags":[1323],"class_list":["post-65763","post","type-post","status-publish","format-standard","has-post-thumbnail","hentry","category-remzi-gokdag-cumhuriyet-haber-arsivi-1992","tag-1323"],"_links":{"self":[{"href":"https:\/\/www.remgo.com\/11\/wp-json\/wp\/v2\/posts\/65763","targetHints":{"allow":["GET"]}}],"collection":[{"href":"https:\/\/www.remgo.com\/11\/wp-json\/wp\/v2\/posts"}],"about":[{"href":"https:\/\/www.remgo.com\/11\/wp-json\/wp\/v2\/types\/post"}],"author":[{"embeddable":true,"href":"https:\/\/www.remgo.com\/11\/wp-json\/wp\/v2\/users\/1"}],"replies":[{"embeddable":true,"href":"https:\/\/www.remgo.com\/11\/wp-json\/wp\/v2\/comments?post=65763"}],"version-history":[{"count":0,"href":"https:\/\/www.remgo.com\/11\/wp-json\/wp\/v2\/posts\/65763\/revisions"}],"wp:featuredmedia":[{"embeddable":true,"href":"https:\/\/www.remgo.com\/11\/wp-json\/wp\/v2\/media\/65103"}],"wp:attachment":[{"href":"https:\/\/www.remgo.com\/11\/wp-json\/wp\/v2\/media?parent=65763"}],"wp:term":[{"taxonomy":"category","embeddable":true,"href":"https:\/\/www.remgo.com\/11\/wp-json\/wp\/v2\/categories?post=65763"},{"taxonomy":"post_tag","embeddable":true,"href":"https:\/\/www.remgo.com\/11\/wp-json\/wp\/v2\/tags?post=65763"}],"curies":[{"name":"wp","href":"https:\/\/api.w.org\/{rel}","templated":true}]}}