{"id":65727,"date":"1992-08-16T13:39:00","date_gmt":"1992-08-16T10:39:00","guid":{"rendered":"https:\/\/www.remgo.com\/11\/?p=65727"},"modified":"2023-03-08T15:03:11","modified_gmt":"2023-03-08T12:03:11","slug":"ve-park-otel-danistay-karariyla-iptal","status":"publish","type":"post","link":"https:\/\/www.remgo.com\/11\/ve-park-otel-danistay-karariyla-iptal\/","title":{"rendered":"Ve Park Otel Dan\u0131\u015ftay karar\u0131yla iptal"},"content":{"rendered":"\n<p><\/p>\n\n\n\n<p><strong>\u00dc\u00e7 y\u0131ll\u0131k hukuk sava\u015f\u0131 Dan\u0131\u015ftay&#8217;\u0131n &#8220;dur&#8221; demesiyle sonu\u00e7land\u0131. \u0130stanbullulara rahat bir soluk ald\u0131ran bu noktaya nas\u0131l gelindi, bundan sonra ne olacak?<\/strong><\/p>\n\n\n\n<p>Oktay Ekinci &#8211; Evet. Y\u0131l\u0131n sorusu i\u015fte bu olsa gerek: &#8220;Park Otel Nas\u0131l Y\u00fckselebildi?&#8221; \u00d6yle ya. Bu &#8220;beton canavara&#8221; kar\u015f\u0131 olmayan yoktu. \u00d6zellikle Koalisyon H\u00fck\u00fcmeti d\u00f6neminde, Park Otel i\u00e7in &#8220;dursun&#8221; demeyen &#8220;yetkili&#8221; de kalmam\u0131\u015ft\u0131.<\/p>\n\n\n\n<p>Acaba, b\u00f6ylesine geni\u015f bir &#8220;consensus&#8221; i\u00e7inde bir y\u0131la yak\u0131nd\u0131r durdurulmas\u0131 istenilen, buna kar\u015f\u0131n milyonlar\u0131n g\u00f6z\u00fc \u00f6n\u00fcnde inad\u0131na y\u00fckselmesini s\u00fcrd\u00fcren bir ba\u015fka in\u015faat var m\u0131d\u0131r?<\/p>\n\n\n\n<p>Dilerseniz, &#8220;consensus cephesine&#8221; \u015f\u00f6yle bir g\u00f6z atal\u0131m.<\/p>\n\n\n\n<p>Park Otel&#8217;e \u00f6nce y\u00f6re halk\u0131 kar\u015f\u0131 \u00e7\u0131kt\u0131. \u0130n\u015faat\u0131n &#8220;ezdi\u011fi&#8221; &#8220;Ayaspa\u015fa semti sakinleri, bu ak\u0131l almaz k\u00fctlenin b\u00fcy\u00fcmesini durdurabilmek i\u00e7in eylemlere ba\u015flad\u0131lar, dernek bile kurdular, mahkemelere ba\u015fvurdular.<\/p>\n\n\n\n<p>Mimarlar Odas\u0131, &#8220;mimarl\u0131k i\u00e7in kara leke olan&#8221; bu \u00f6l\u00e7\u00fcs\u00fcz yap\u0131y\u0131 &#8220;kent su\u00e7u&#8221; ilan ederek davalar a\u00e7t\u0131, kampanya ba\u015flatt\u0131.<\/p>\n\n\n\n<p>\u015eehir Planc\u0131lar\u0131 Odas\u0131, &#8220;\u015fehir plan\u0131n\u0131 ayaklar alt\u0131na alan&#8221; bu \u00e7aps\u0131z yap\u0131y\u0131 &#8220;cinayet&#8221; olarak niteledi.<\/p>\n\n\n\n<p>\u0130n\u015faat M\u00fchendisleri Odas\u0131, m\u00fchendisli\u011fin toplumsal sorumluluklar\u0131n\u0131 yok sayan b\u00f6ylesi bir &#8220;betonarmeyi&#8221; kara listesine ald\u0131.<\/p>\n\n\n\n<p>\u0130stanbul&#8217;daki yirmiyi a\u015fk\u0131n \u00e7evre derne\u011fi, g\u00f6n\u00fcll\u00fc olu\u015fumlar ve kurumlar, Park Otel&#8217;e engel olunmas\u0131 i\u00e7in \u00e7e\u015fitli etkinlikler d\u00fczenlediler.<\/p>\n\n\n\n<p>\u00dcniversitelerdeki hemen t\u00fcm bilim adamlar\u0131 ve \u00f6\u011frenciler, Park Otel&#8217;e izin verilmesini &#8220;\u015fehircilik bilimine hakaret&#8221; olarak nitelediler.<\/p>\n\n\n\n<p>Bas\u0131n, s\u00fcrekli olarak Park Otel&#8217;i izledi. K\u00f6\u015fe yazarlar\u0131 ele\u015ftiri yaz\u0131lar\u0131 yazd\u0131lar, &#8220;g\u00f6kdelenleri savunanlar&#8221; bile salt bu bina i\u00e7in g\u00f6r\u00fc\u015f de\u011fi\u015ftirip, &#8220;b\u00f6yle \u015fey olamaz&#8221; dediler.<\/p>\n\n\n\n<p>Siyasi partilerin \u0130stanbul \u00f6rg\u00fctleri, bir zamanlar G\u00f6kova Termik Santral&#8217;a kar\u015f\u0131 Bodrum&#8217;da ger\u00e7ekle\u015fen &#8220;tarihsel ittifak\u0131n&#8221; benzerini, bu kez Park Otel i\u00e7in yinelediler.<\/p>\n\n\n\n<p>\u0130stanbul&#8217;a g\u00f6kdelenleri miras b\u0131rakan, Park Otel plan\u0131n\u0131n onay sahiplerinden Dalan bile, sonunda dayanamay\u0131p, &#8220;galiba bu binada \u00f6l\u00e7\u00fcy\u00fc biraz ka\u00e7\u0131rm\u0131\u015f\u0131z&#8221; demek zorunda kald\u0131.<\/p>\n\n\n\n<p>Ve t\u00fcm kent halk\u0131, i\u015f\u00e7isi, memuru, esnaf\u0131, t\u00fcccar\u0131, i\u015f adam\u0131, ev kad\u0131n\u0131\u2026 hemen herkes, Ayaspa\u015fa&#8217;da y\u00fckselen dev k\u00fctleye nefretle bak\u0131p, &#8220;yaz\u0131k oluyor \u0130stanbul&#8217;a&#8221; dediler.<\/p>\n\n\n\n<p>E\u011fer bir referandum yap\u0131lsayd\u0131, Park Otel&#8217;e hay\u0131r diyeceklerin oran\u0131, hi\u00e7 ku\u015fkusuz h\u00fck\u00fcmetin son yerel se\u00e7imlerde ald\u0131\u011f\u0131 oy oran\u0131n\u0131 ikiye katlard\u0131\u2026<\/p>\n\n\n\n<p>Denebilir ki, bu &#8220;ret cephesi&#8221;, T\u00fcrkiye&#8217;de hen\u00fcz pek i\u015fe yaram\u0131yor. Kat\u0131l\u0131mc\u0131l\u0131k i\u015flemiyor, &#8220;sivil duyarl\u0131l\u0131k&#8221; kararlara yans\u0131yam\u0131yor\u2026<\/p>\n\n\n\n<p>\u00d6nemli olan, &#8220;resmi duyarl\u0131l\u0131k&#8221;. Yani yetkililer!\u2026<\/p>\n\n\n\n<p>Ama, onlar da &#8220;hay\u0131r&#8221; demediler mi?<\/p>\n\n\n\n<p>Son alt\u0131 ay\u0131n Cumhuriyet koleksiyonunu tar\u0131yoruz. Arkada\u015f\u0131m\u0131z Remzi G\u00f6kda\u011f&#8217;\u0131n &#8220;sab\u0131rla&#8221; s\u00fcrd\u00fcrd\u00fc\u011f\u00fc haberleri, Park Otel&#8217;e kar\u015f\u0131 \u00e7\u0131kan &#8220;\u00fcst d\u00fczey yetkililerin&#8221; deme\u00e7leriyle dolu. \u0130\u015fte, en etkilileri:<\/p>\n\n\n\n<ul class=\"wp-block-list\">\n<li>\u0130stanbul Anakent Belediyesi. (Bu y\u00fczden Beyo\u011flu Belediyesi ile aras\u0131 bile a\u00e7\u0131ld\u0131.)<\/li>\n\n\n\n<li>Beyo\u011flu Belediyesi. (Yasa, hak, hukuk\u2026 diyerek in\u015faat\u0131 durdurmuyor ama yanl\u0131\u015f bir yap\u0131 oldu\u011funu da gizlemiyor.)<\/li>\n\n\n\n<li>Turizm Bakanl\u0131\u011f\u0131. (Yanl\u0131\u015ftan d\u00f6n\u00fclmesi i\u00e7in bakanl\u0131\u011f\u0131n t\u00fcm yetkilerini kullanaca\u011f\u0131n\u0131 s\u00f6yl\u00fcyor.)<\/li>\n\n\n\n<li>\u015eehirle\u015fmeden Sorumlu Devlet Bakanl\u0131\u011f\u0131 (Park Otel&#8217;in ruhsat\u0131n\u0131n iptal edilebilece\u011fini belirtiyor.)<\/li>\n\n\n\n<li>\u00c7evre Bakanl\u0131\u011f\u0131. (\u00c7evreyi bozan yap\u0131la\u015fmaya \u00f6rnek g\u00f6steriyor.)<\/li>\n<\/ul>\n\n\n\n<p>T\u00fcrkiye&#8217;de bir in\u015faat\u0131n durdurulabilmesi i\u00e7in, acaba ba\u015fka kim kald\u0131 dersiniz?<\/p>\n\n\n\n<p>Hi\u00e7 kimse ve hi\u00e7bir kurum.<\/p>\n\n\n\n<p>Ba\u015fbakan ve Ba\u015fbakan Yard\u0131mc\u0131s\u0131n\u0131n bile \u00f6zel konu\u015fmalarda bu in\u015faattan yak\u0131nd\u0131klar\u0131 biliniyor.<\/p>\n\n\n\n<p>O halde, y\u0131l\u0131n sorusu i\u015fte bu olsa gerek:<\/p>\n\n\n\n<p>&#8220;Peki, Park Otel nas\u0131l y\u00fckselebildi?&#8221;<\/p>\n\n\n\n<p>Bu sorunun yan\u0131t\u0131, salt imar mevzuat\u0131n\u0131n i\u00e7inde bulundu\u011fu &#8220;kaosu&#8221; g\u00f6stermekle kalm\u0131yor, dahas\u0131, ayn\u0131 mevzuatin, &#8220;Demokrasiye, bilime ve \u00e7evreye&#8221; kar\u015f\u0131 ne denli duyars\u0131z oldu\u011funu da kanitliyor.<\/p>\n\n\n\n<p>12 Eyl\u00fcl&#8217;den sonra &#8220;bi\u00e7imlenen&#8221; turizm ve imar anlay\u0131\u015f\u0131, kenti, \u00fclkeyi ve halk\u0131 de\u011fil, toplumsal kazan\u0131mlar\u0131 yads\u0131yacak &#8220;i\u015f bitiren&#8221; yat\u0131r\u0131mc\u0131 \u00e7evreleri d\u00fc\u015f\u00fcn\u00fcyor.<\/p>\n\n\n\n<p>Ve, bu anlay\u0131\u015f\u0131n yasalar\u0131 hala y\u00fcr\u00fcrl\u00fckte oldu\u011fu i\u00e7in, b\u00f6ylesine geni\u015f bir &#8220;sivil ve resmi ittifaka&#8221; kar\u015f\u0131n, Park Otel aylarca ve &#8220;\u00f6zg\u00fcrce&#8221; y\u00fckselebiliyor. &#8220;Demokrasiye&#8221; a\u00e7\u0131k\u00e7a meydan okuyor\u2026<\/p>\n\n\n\n<p>Neyse ki bu ak\u0131l almaz gidi\u015fe, en sonunda Dan\u0131\u015ftay &#8220;dur&#8221; diyebildi. B\u00f6ylece salt \u0130stanbul de\u011fil, hukukun \u00fcst\u00fcnl\u00fc\u011f\u00fc ilkesi ve &#8220;demokrasi&#8221; de rahat bir nefes alm\u0131\u015f oldu.<\/p>\n\n\n\n<p>Bakal\u0131m, Dan\u0131\u015ftay karar\u0131n\u0131 bu kez kim ve &#8220;nas\u0131l&#8221; uygulayacak? Bu &#8220;yasa di\u015fi&#8221; i\u015fgale izin verenler, kenti kurtarmak i\u00e7in ne zaman kollan s\u0131vayacak?<\/p>\n\n\n\n<figure class=\"wp-block-image size-large\"><img decoding=\"async\" src=\"https:\/\/lh3.googleusercontent.com\/pw\/AMWts8DjZt2eWOgpxFv0VcYoVOlL4V3AZCcEluu9dkrDY7QxFAcNHHhL9a1qZjPkPauek2pP_KMTLvJaB3FdzWZttLNvie-bWQqEgWmVgUMAuLDpaKw8vk-dGqUwF74Svy7Us9gEjTGsvpBCI_qNYU3uRXTWug=w809-h843-no?authuser=1\" alt=\"\" title=\"\"><figcaption><\/figcaption><\/figure>\n\n\n\n<figure class=\"wp-block-image size-large\"><img decoding=\"async\" src=\"https:\/\/lh3.googleusercontent.com\/pw\/AMWts8DaOqqIvbz4mYBCbe1aDa6Na5uKaeEx0IkLpcPwuslRDt5KfaD1gIgKoLdSMCimohxlpCetLw-Bn0QZWKPVR_X_5GXLynRzwfV1o1zrhXLydDuYM_-1IKpLkhm2JUTrQ8MjAx2eCPDKEj_E7w1ixtiqig=w809-h843-no?authuser=1\" alt=\"\" title=\"\"><figcaption><\/figcaption><\/figure>\n\n\n\n<p>16 A\u011fustos 1992 Cumhuriyet Dergi Say\u0131 334<\/p>\n","protected":false},"excerpt":{"rendered":"<p>\u00dc\u00e7 y\u0131ll\u0131k hukuk sava\u015f\u0131 Dan\u0131\u015ftay&#8217;\u0131n &#8220;dur&#8221; demesiyle sonu\u00e7land\u0131. \u0130stanbullulara rahat bir soluk ald\u0131ran bu noktaya nas\u0131l gelindi, bundan sonra ne olacak? Oktay Ekinci &#8211; Evet. Y\u0131l\u0131n sorusu i\u015fte bu olsa gerek: &#8220;Park Otel Nas\u0131l Y\u00fckselebildi?&#8221; \u00d6yle ya. Bu &#8220;beton canavara&#8221; kar\u015f\u0131 olmayan yoktu. \u00d6zellikle Koalisyon H\u00fck\u00fcmeti d\u00f6neminde, Park Otel i\u00e7in &#8220;dursun&#8221; demeyen &#8220;yetkili&#8221; de kalmam\u0131\u015ft\u0131. Acaba, b\u00f6ylesine geni\u015f bir &#8220;consensus&#8221; i\u00e7inde bir y\u0131la yak\u0131nd\u0131r durdurulmas\u0131 istenilen, buna kar\u015f\u0131n milyonlar\u0131n g\u00f6z\u00fc \u00f6n\u00fcnde inad\u0131na y\u00fckselmesini s\u00fcrd\u00fcren bir ba\u015fka in\u015faat var m\u0131d\u0131r? Dilerseniz, &#8220;consensus cephesine&#8221; \u015f\u00f6yle bir g\u00f6z atal\u0131m. Park Otel&#8217;e \u00f6nce y\u00f6re halk\u0131 kar\u015f\u0131 \u00e7\u0131kt\u0131. \u0130n\u015faat\u0131n &#8220;ezdi\u011fi&#8221; &#8220;Ayaspa\u015fa semti sakinleri, bu ak\u0131l<\/p>\n","protected":false},"author":1,"featured_media":65103,"comment_status":"closed","ping_status":"closed","sticky":false,"template":"","format":"standard","meta":{"footnotes":""},"categories":[1319],"tags":[1323],"class_list":["post-65727","post","type-post","status-publish","format-standard","has-post-thumbnail","hentry","category-remzi-gokdag-cumhuriyet-haber-arsivi-1992","tag-1323"],"_links":{"self":[{"href":"https:\/\/www.remgo.com\/11\/wp-json\/wp\/v2\/posts\/65727","targetHints":{"allow":["GET"]}}],"collection":[{"href":"https:\/\/www.remgo.com\/11\/wp-json\/wp\/v2\/posts"}],"about":[{"href":"https:\/\/www.remgo.com\/11\/wp-json\/wp\/v2\/types\/post"}],"author":[{"embeddable":true,"href":"https:\/\/www.remgo.com\/11\/wp-json\/wp\/v2\/users\/1"}],"replies":[{"embeddable":true,"href":"https:\/\/www.remgo.com\/11\/wp-json\/wp\/v2\/comments?post=65727"}],"version-history":[{"count":0,"href":"https:\/\/www.remgo.com\/11\/wp-json\/wp\/v2\/posts\/65727\/revisions"}],"wp:featuredmedia":[{"embeddable":true,"href":"https:\/\/www.remgo.com\/11\/wp-json\/wp\/v2\/media\/65103"}],"wp:attachment":[{"href":"https:\/\/www.remgo.com\/11\/wp-json\/wp\/v2\/media?parent=65727"}],"wp:term":[{"taxonomy":"category","embeddable":true,"href":"https:\/\/www.remgo.com\/11\/wp-json\/wp\/v2\/categories?post=65727"},{"taxonomy":"post_tag","embeddable":true,"href":"https:\/\/www.remgo.com\/11\/wp-json\/wp\/v2\/tags?post=65727"}],"curies":[{"name":"wp","href":"https:\/\/api.w.org\/{rel}","templated":true}]}}