{"id":65715,"date":"1992-08-02T13:31:00","date_gmt":"1992-08-02T10:31:00","guid":{"rendered":"https:\/\/www.remgo.com\/11\/?p=65715"},"modified":"2023-03-08T15:02:39","modified_gmt":"2023-03-08T12:02:39","slug":"remzi-gokdag-istanbulun-halef-ve-selefi-ile-konustu","status":"publish","type":"post","link":"https:\/\/www.remgo.com\/11\/remzi-gokdag-istanbulun-halef-ve-selefi-ile-konustu\/","title":{"rendered":"Remzi G\u00f6kda\u011f, \u0130stanbul&#8217;un halef ve selefi ile konu\u015ftu"},"content":{"rendered":"\n<p><\/p>\n\n\n\n<p><strong>S\u00f6zen<\/strong>: Dalan&#8217;\u0131n g\u00f6z\u00fc makam\u0131mda. Ben adayl\u0131kta hen\u00fcz kesin karar\u0131m\u0131 vermedim. Ama aday olup, yeniden onunla yar\u0131\u015fmaktan haz duyar\u0131m. Bu bir yar\u0131\u015f meselesidir. Ben bu yar\u0131\u015f\u0131n tekrarlanmas\u0131 halinde 26 Mart se\u00e7imlerindeki fark\u0131n daha da artaca\u011f\u0131na inan\u0131yorum.<\/p>\n\n\n\n<p><strong>Dalan:<\/strong> \u0130stanbul&#8217;u diriltirim. Demokratik bir \u00fclkede insanlara zorla mal satamazlar. Beceriksiz insanlar\u0131n y\u00f6nettikleri \u0130stanbul mahk\u00fbm oldu. Bir insan kendisiyle bar\u0131\u015f\u0131k ya\u015famazsa etraf\u0131n\u0131 k\u0131rar d\u00f6ker. Kimse de onunla \u00e7al\u0131\u015fmak istemez.<\/p>\n\n\n\n<h2 class=\"wp-block-heading\" id=\"h-remzi-gokdag-istanbul-un-halef-ve-selefi-ile-son-3-yilin-degerlendirmesini-yapti\">Remzi G\u00f6kda\u011f, \u0130stanbul&#8217;un halef ve selefi ile son 3 y\u0131l\u0131n de\u011ferlendirmesini yapt\u0131.<\/h2>\n\n\n\n<p><strong>NURETT\u0130N S\u00d6ZEN<\/strong><\/p>\n\n\n\n<p><em>Cemal Re\u015fit Rey Konser Salonu&#8217;nun alt\u0131nda bulunan odalarda yap\u0131lan tadilat ve salonun genel yay\u0131n y\u00f6netmeni Prof Filiz Ali&#8217;nin g\u00f6revden al\u0131nmas\u0131 konusunda ne diyorsunuz?<\/em><\/p>\n\n\n\n<p>S\u00d6ZEN: CRR Konser Salonu&#8217;nda kopart\u0131lan f\u0131rt\u0131nalar\u0131n alt\u0131nda yatan ger\u00e7ek neden bellidir. Bu ger\u00e7e\u011fi maalesef ayd\u0131n ge\u00e7inen ki\u015filer anlamamakta direniyor. Bizim yapt\u0131\u011f\u0131m\u0131z konser salonunun alt\u0131nda kullan\u0131lmayan \u00fc\u00e7 odan\u0131n ses ge\u00e7irmez \u00f6zellikte d\u00fczenlenmesi ve Belediye Radyo Televizyonu&#8217;nun (BRT)&#8217;nin \u00e7al\u0131\u015fmalar\u0131 i\u00e7in tahsis edilmesi olay\u0131d\u0131r. Baz\u0131 ayd\u0131n ge\u00e7inen insanlar\u0131m\u0131z bunu, salon y\u0131k\u0131l\u0131yor, akusti\u011fi bozuluyor gibi ger\u00e7ekle ilgisi olmayan iddialar ortaya at\u0131lan iddialar garip, g\u00fcl\u00fcn\u00e7 ve as\u0131ls\u0131z buluyorum. Kimse sormak gere\u011fi duymuyor. Filiz Ali de kendi ma\u011fduriyetini sanata ve salona mal ederek gazetecileri ve insanlar\u0131 aldat\u0131yor. Biz s\u00f6ylentiye de\u011fil bilime ve sa\u011fduyuya inan\u0131yoruz. Yapaca\u011f\u0131m\u0131z st\u00fcdyolar ses ge\u00e7irmez \u00f6zelli\u011fe sahiptir ve salonun akusti\u011fini bozmayacakt\u0131r.<\/p>\n\n\n\n<p><em>Do\u011falgaz projesi ne zaman ger\u00e7ek anlamda uygulamaya ge\u00e7ecek? \u0130stanbul&#8217;un en b\u00fcy\u00fck projelerinden biri olan do\u011falgaz projesi sizce ba\u015far\u0131ya ula\u015ft\u0131 m\u0131? IGDAS iflas etti mi?<\/em><\/p>\n\n\n\n<p>S\u00d6ZEN: IGDA\u015e kuruldu\u011fu g\u00fcn iflas etmi\u015fti. Bu yeni bir\u015fey de\u011fil. IGDAS belediyenin \u015firketlerinden biridir. Harcamalar\u0131 belediye b\u00fct\u00e7esinden kar\u015f\u0131lanmaktad\u0131r. 2 trilyon \u00f6demesi gerekmektedir. Bu paray\u0131 \u00f6deyebilmesi i\u00e7in en k\u0131sa s\u00fcrede abone say\u0131s\u0131n\u0131 artt\u0131rmam\u0131z gerekmektedir. Bug\u00fcne kadar 50 bin aboneye ula\u015f\u0131lm\u0131\u015ft\u0131r. \u0130GDA\u015e&#8217;in 1992 borcu 500 milyar lirad\u0131r. Bunun 125 milyar liras\u0131 \u00f6denmi\u015ftir. Abone say\u0131s\u0131n\u0131n s\u00fcratle artmas\u0131 gerekmektedir. Bunun i\u00e7in \u00e7e\u015fitli kampanyalar ba\u015flatt\u0131k. Bu kampanyalar s\u00fcrerken ge\u00e7ti\u011fimiz g\u00fcnlerde Ankara&#8217;da meydana gelen do\u011falgaz patlamas\u0131 abone say\u0131s\u0131n\u0131 engellemi\u015ftir. Her yeni olaya baz\u0131 \u00e7evreler kar\u015f\u0131 \u00e7\u0131k\u0131yor. Do\u011falgaz\u0131n da baz\u0131 tepkiler almas\u0131 normaldir. Bug\u00fcn do\u011falgazda hi\u00e7bir ters durum s\u00f6z konusu de\u011fildir. Do\u011falgaza eskiden oldu\u011fu gibi \u015fimdi de g\u00fcveniyorum ve \u0130stanbullulara kefil oluyorum.<\/p>\n\n\n\n<p><em>\u00c7a\u011fda\u015f Tramvay&#8217;\u0131n Aksaray Sirkeci aras\u0131ndaki seferlerinin ba\u015flamas\u0131n\u0131n ard\u0131ndan kazalar\u0131n da artt\u0131\u011f\u0131n\u0131 g\u00f6r\u00fcyoruz. Vagonlar\u0131n H\u0131zl\u0131 Tramvay \u00f6zelli\u011fine g\u00f6re yap\u0131lm\u0131\u015f olmas\u0131n\u0131n bu kazalara neden oldu\u011fu iddia ediliyor. Ne d\u00fc\u015f\u00fcn\u00fcyorsunuz?<\/em><\/p>\n\n\n\n<p>S\u00d6ZEN: Kazalar\u0131n hi\u00e7biri tramvay\u0131n \u00f6zelli\u011finden kaynaklanm\u0131yor. Yanl\u0131\u015f saplant\u0131lar\u0131n bilgisizli\u011fe dayand\u0131\u011f\u0131n\u0131 s\u00f6yl\u00fcyorum. Vagonlar\u0131n hi\u00e7birinin frenle ilgili bir problemi yok. Her g\u00fcn bu vagonlarla 100 bin ki\u015fi ta\u015f\u0131n\u0131yor. Halk\u0131m\u0131z da art\u0131k bu sisteme al\u0131\u015fm\u0131\u015ft\u0131r. K\u0131sa bir s\u00fcre sonra sistemi Aksaray&#8217;dan Topkap\u0131&#8217;ya uzataca\u011f\u0131z. Tramvay hatt\u0131nda meydana gelen kazalar baz\u0131 gazeteci arkada\u015flar\u0131m\u0131z da \u00e7arpt\u0131rm\u0131\u015ft\u0131r. Kazalar, ara\u00e7lar\u0131n trafik kurallar\u0131na uymamalar\u0131ndan kaynaklan\u0131yor. Sistemden kaynaklanan bir hata de\u011fil. \u00c7a\u011fda\u015f d\u00fcnyada toplu ula\u015f\u0131m\u0131n rayl\u0131 sistemle sa\u011fland\u0131\u011f\u0131n\u0131 hepimiz biliyoruz.<\/p>\n\n\n\n<p><em>Yak\u0131n bir gelecekte Belediye Radyo Televizyonu hizmete girecek. Televizyonun yay\u0131n politikas\u0131 ne olacak?<\/em><\/p>\n\n\n\n<p>S\u00d6ZEN: BRT&#8217;nin yay\u0131na ge\u00e7ebilmesi i\u00e7in \u00e7al\u0131\u015fmalar b\u00fct\u00fcn h\u0131z\u0131yla devam ediyor. Yak\u0131nda deneme yay\u0131nlar\u0131na ard\u0131ndan da yay\u0131na ge\u00e7ece\u011fiz. A\u011fustos ay\u0131nda sinyal verece\u011fiz. BRT de daha \u00e7ok \u0130stanbullularla yap\u0131lan r\u00f6portajlara, anketlere yer verilecek. Her \u0130stanbullu ekranda kendisini ya da bir yak\u0131n\u0131n\u0131 g\u00f6recek. D\u00fc\u015f\u00fck bedelle reklam al\u0131p di\u011fer televizyonlarla da rekabete girece\u011fiz. \u0130stanbul ve \u00e7evresine yay\u0131n yapacak.<\/p>\n\n\n\n<p><em>Toplu s\u00f6zle\u015fmenin uyu\u015fmazl\u0131kla sonu\u00e7lanmas\u0131n\u0131n ard\u0131ndan belediye i\u015f\u00e7ileri grev karar\u0131 ald\u0131. Grev karar\u0131na kar\u015f\u0131 bir \u00f6nleminiz var mu? Grevden sonra \u0130stanbul&#8217;u nas\u0131l bir gelecek bekliyor?<\/em><\/p>\n\n\n\n<p>S\u00d6ZEN: (1) Sendika ile yap\u0131lan g\u00f6r\u00fc\u015fmelerde bir anla\u015fmaya var\u0131lamad\u0131 ve grev karan al\u0131nd\u0131. Belediye i\u015f\u00e7ileri greve gidecek. Tabii biz de bu durum kar\u015f\u0131s\u0131nda baz\u0131 \u00f6nlemler alaca\u011f\u0131z. Ge\u00e7ti\u011fimiz g\u00fcn il\u00e7e belediye ba\u015fkanlar\u0131 ile yapt\u0131\u011f\u0131m\u0131z toplant\u0131 sonunda bu \u00f6nlemlerin ne olabilece\u011fine, nas\u0131l uygulanabilece\u011fine karar verdik. Yasalara sayg\u0131l\u0131 olaca\u011f\u0131z. Grev k\u0131r\u0131c\u0131l\u0131\u011f\u0131 yapmadan al\u0131nabilecek \u00f6nlemleri belirleyece\u011fiz. Bu \u00f6nlemleri \u015fimdi a\u00e7\u0131klamak istemiyorum. Sendika grev a\u015famas\u0131nda pek \u00e7ok kanunsuz eylem yapm\u0131\u015ft\u0131r. Belediye \u00f6n\u00fcnde toplanarak kanunsuz g\u00f6steri yapm\u0131\u015flar ve il merkezini basm\u0131\u015flard\u0131r. Bu t\u00fcr kanunsuz eylemleri k\u0131n\u0131yorum. Grevi nas\u0131l sayg\u0131yla kar\u015f\u0131l\u0131yorsam bu t\u00fcr kanunsuz eylemlere de tepki duyuyorum. Bu grevde halk\u0131n g\u00f6sterece\u011fi dayan\u0131\u015fma da \u00f6nemlidir. Grevsiz bir sendikal hayat olmaz. Sendikas\u0131z da demokrasi olmaz.<\/p>\n\n\n\n<p><em>G\u00f6reviniz sona erdi\u011finde tekrar ba\u015fkanl\u0131\u011fa aday olacak m\u0131s\u0131n\u0131z?<\/em><\/p>\n\n\n\n<p>S\u00d6ZEN: Siyasette bu kadar uzun vade i\u00e7in bir \u015fey s\u00f6ylemek do\u011fru olmaz. Hen\u00fcz vakit erken. T\u00fcrkiye&#8217;nin i\u00e7inde bulundu\u011fu siyasi ortam ve partimin durumu bu karar vermeme etken olacak. Hen\u00fcz b\u00f6yle bir karar vermek gere\u011fini duymuyorum. Belediye ba\u015fkanl\u0131\u011f\u0131 i\u00e7in \u015fimdiden konu\u015fan da bilgisizli\u011finden konu\u015fur. Tekrar ediyorum, partimin ve T\u00fcrkiye&#8217;nin i\u00e7inde bulundu\u011fu \u015fartlara g\u00f6re bu konu belirlenecektir.<\/p>\n\n\n\n<p><em>E\u011fer aday olursan\u0131z ve rakibiniz yine say\u0131n Dalan olursa se\u00e7im nas\u0131l sonu\u00e7lan\u0131r sizce?<\/em><\/p>\n\n\n\n<p>S\u00d6ZEN: Bu makamda say\u0131n Dalan\u2019\u0131n g\u00f6z\u00fc var. \u00c7ok insan\u0131n g\u00f6nl\u00fcnde aslan yatar. Ben adayl\u0131kta hen\u00fcz karar vermedim ama aday olup onunla tekrar yar\u0131\u015fmaktan haz duyar\u0131m. Politikaya herkes kazanaca\u011f\u0131m diye girer. Kimse kaybetmeyi g\u00f6ze almaz. Bu bir yar\u0131\u015f meselesidir. Ben b\u00f6yle bir yan\u0131\u015f\u0131n tekrarlanmas\u0131 halinde 26 Mart se\u00e7imlerindeki fark\u0131n daha da artaca\u011f\u0131na inan\u0131yorum. Onun s\u00f6yledi\u011fi yalanlan, yapt\u0131\u011f\u0131 bir\u00e7ok yerleri halk yeterince bilmiyor. Bunlar\u0131 bir kampanya ile a\u00e7\u0131klayaca\u011f\u0131m. Halka anlatt\u0131klar\u0131m\u0131z, ileti\u015fim ara\u00e7lar\u0131nda yeterince kullan\u0131lamad\u0131. Bunlar\u0131 bir kampanya ile tekrar a\u00e7\u0131klayaca\u011f\u0131m. \u00dc\u00e7 y\u0131lda anlatamad\u0131klar\u0131m\u0131z\u0131 belki \u00fc\u00e7 ayda anlatabilece\u011fiz.<\/p>\n\n\n\n<p><em>\u00dc\u00e7 y\u0131ld\u0131r \u0130stanbul B\u00fcy\u00fck\u015fehir Belediye Ba\u015fkanl\u0131\u011f\u0131 g\u00f6revindesiniz. Bu \u00fc\u00e7 y\u0131l\u0131 de\u011ferlendirir misiniz?<\/em><\/p>\n\n\n\n<p>S\u00d6ZEN: B\u00fct\u00fcn hedeflerimizi a\u015fm\u0131\u015f durumday\u0131z. Tarihi d\u00f6n\u00fc\u015f\u00fcm\u00fc ger\u00e7ekle\u015ftirdik. Tramvay, yayala\u015ft\u0131rma, parklar, do\u011falgaz, biyolojik ar\u0131tma, sistemleri gibi olaylar \u0130stanbul&#8217;daki ya\u015fam\u0131 de\u011fi\u015ftiren tarihi olaylard\u0131r. Hedeflerimi \u00e7oktan a\u015ft\u0131m. Halk\u0131ma vaat etti\u011fim programlardan fazlas\u0131n\u0131 verdim.<\/p>\n\n\n\n<p><em>Ge\u00e7mi\u015f d\u00f6nemde yap\u0131lan i\u015flerin yar\u0131m kald\u0131\u011f\u0131 projelerin devam ettirilmedi\u011fi iddia ediliyor ve buna &#8220;Dalan Kompleksi&#8221; deniyor. Siz bu konuda ne d\u00fc\u015f\u00fcn\u00fcyorsunuz?<\/em><\/p>\n\n\n\n<p>S\u00d6ZEN: B\u00f6yle bir konuda konu\u015fmak istemiyorum. Ben o ki\u015fiyi zaten ciddiye alm\u0131yorum. S\u00fcrekli yalan \u00fcreten birisi o. Bu nedenle bu konuyu da gayri ciddi g\u00f6r\u00fcyorum.<\/p>\n\n\n\n<p><strong>BEDRETT\u0130N DALAN <\/strong><\/p>\n\n\n\n<p><em>Cemal Re\u015fit Rey Konser Salonu&#8217;nun kullan\u0131lmayan \u00fc\u00e7 odas\u0131n\u0131n BRT&#8217;ye verilmesi ve salonun genel yay\u0131n y\u00f6netmeni Prof. Dr. Filiz Ali&#8217;nin g\u00f6revden al\u0131nmas\u0131n\u0131 nas\u0131l de\u011ferlendiriyorsunuz?<\/em><\/p>\n\n\n\n<p>DALAN: O binan\u0131n her k\u00f6\u015fesinde y buca\u011f\u0131nda benim g\u00f6z nurum vard\u0131r. \u0130n\u015faat s\u00fcresince her gece oraya gidip kontrol ettim. Salonun desenlerine kadar ilgilendim, u\u011fra\u015ft\u0131m. \u0130stanbul&#8217;un her yerinde eme\u011fim var ama o salonda detayda da eme\u011fim var. \u015eimdi bu haline herkes \u00fcz\u00fcl\u00fcyor ama ben bir ba\u015fka \u00fcz\u00fcl\u00fcyorum. Benim kadar Filiz Ali&#8217;nin de b\u00fcy\u00fck eme\u011fi ge\u00e7mi\u015ftir. Salonu 7 ayda tamamlad\u0131k ve bitti\u011finde akusti\u011fi bak\u0131m\u0131ndan Avrupa&#8217;n\u0131n birinci, d\u00fcnyan\u0131n be\u015finci s\u0131radaki konser salonu oldu. Salon kadar yard\u0131mc\u0131 odalar da \u00f6nemlidir. \u015eimdi salonu b\u0131rak\u0131yorlar ama bu yard\u0131mc\u0131 odalar\u0131 rezil ediyorlar. Salona televizyon olay\u0131n\u0131 sokman\u0131n ak\u0131lla mant\u0131kla ili\u015fkisi yoktur. \u00d6yle bir st\u00fcdyo istiyorlarsa yenisini yaps\u0131nlar. Ben en b\u00fcy\u00fck konser salonunu 7 ayda bitirdim b\u00f6yle bir st\u00fcdyo \u00fc\u00e7 ayda biter. Onlar \u015fimdi tamirat\u0131n\u0131 \u00fc\u00e7 ayda bitiremez. \u015eimdiye kadar neyi bozmad\u0131lar ki. \u015eimdi i\u015f bu noktaya geldi. Filiz Ali&#8217;yi de biz atad\u0131k diye att\u0131lar. CRR&#8217;yi ba\u015fka maksatla kullanabilirler ama \u00f6m\u00fcrleri az kald\u0131. Tepeba\u015f\u0131nda \u0130stanbul Sergi Saray\u0131&#8217;n\u0131n i\u00e7inde T\u00fcrkiye&#8217;nin en modern televizyon st\u00fcdyosunu kurduk. Bu ayn\u0131 zamanda Avrupa&#8217;n\u0131n en modern st\u00fcdyolar\u0131ndan biridir. \u015eu anda TRT&#8217;nin elinde ancak kullan\u0131lm\u0131yor. Bu st\u00fcdyoyu als\u0131nlar kiralas\u0131nlar.<\/p>\n\n\n\n<p>Do\u011falgaz projesi hakk\u0131nda ne <em>d\u00fc\u015f\u00fcn\u00fcyorsunuz<\/em>?<\/p>\n\n\n\n<p>DALAN: Do\u011falgaz bizim zaman\u0131m\u0131zda ba\u015flat\u0131lm\u0131\u015f en \u00f6nemli projelerden biridir. Ger\u00e7ekten \u00e7ok ak\u0131ll\u0131 ve ekonomik bir projeydi. Bir yandan proje y\u00fcr\u00fct\u00fclecek bir yandan da abonelere ula\u015f\u0131lacakt\u0131. Yani kendi kendini finanse edecekti. Proje bitti\u011finde de belediyeye hat\u0131r\u0131 say\u0131l\u0131r bir para b\u0131rakacakt\u0131. Gel g\u00f6r ki bunlar Hitler misali kentin alt\u0131n\u0131 \u00fcst\u00fcne getirdiler. Bizim projemizin tam tersini yapt\u0131lar. Bu belirli al\u0131\u015fkanl\u0131klar\u0131ndan kaynaklan\u0131yor. B\u00fct\u00fcn \u0130stanbul&#8217;a yay\u0131ld\u0131lar. Tabii projeyi bitiremeden abonelere satamad\u0131lar. Paralan da bitti y\u00fcr\u00fctemiyorlar. Projeyi \u00f6l\u00fc hale getirdiler. \u015eimdi de zorla kabaday\u0131l\u0131kla insanlara gaz satmaya \u00e7al\u0131\u015f\u0131yorlar. \u0130l \u00c7evre Kurulu&#8217;nun ald\u0131\u011f\u0131 karar da yasal de\u011fildir. Meclisin a\u00e7\u0131ld\u0131\u011f\u0131 ilk g\u00fcn bu konuda soru\u015fturma a\u00e7\u0131lmas\u0131 i\u00e7in \u00f6nerge verece\u011fim. Demokratik bir \u00fclkede insanlara zorla mal satamazlar. Beceriksiz insanlar\u0131n y\u00f6nettikleri \u0130stanbul mahk\u00fbm oldu.<\/p>\n\n\n\n<p><em>\u00c7a\u011fda\u015f Tramvay&#8217;\u0131n kaza yapmas\u0131na gerek\u00e7e olarak fren sisteminin tramvaya uygun olmad\u0131\u011f\u0131n\u0131 s\u00f6ylediniz. Bu vagonlar\u0131 siz ithal ettiniz. Sisteme kar\u015f\u0131 m\u0131s\u0131n\u0131z?<\/em><\/p>\n\n\n\n<p>DALAN: Ben m\u00fchendisim. O vagonlar\u0131n en ince ayr\u0131nt\u0131lar\u0131n\u0131 bilirim. Vagonlar durmak i\u00e7in kesin olarak el frenini kullan\u0131yorlar. Kullan\u0131lmazsa vagonlar durmaz. Beyo\u011flu tramvay\u0131 ile yeni tramvay\u0131 arka arkaya koyal\u0131m. Eski tramvay daha \u00e7abuk duracakt\u0131r. E\u011fer el frenini kullanm\u0131yoruz derlerse kaza yaparlar. Nitekim s\u0131k s\u0131k kaza oluyor. B\u00fct\u00fcn vagonlar\u0131n \u00f6n\u00fc \u00e7arp\u0131lm\u0131\u015f. Tasarruf yap\u0131yoruz diyerek ald\u0131\u011f\u0131m\u0131z h\u0131zl\u0131 tramvay vagonlar\u0131n\u0131 kulland\u0131lar. Bunlar\u0131nki elmas\u0131 cam, alt\u0131n\u0131 bak\u0131r yapmakt\u0131r. Bug\u00fcn bir tramvay vagonu 50 bin dolard\u0131r. Ancak bizim ald\u0131\u011f\u0131m\u0131z vagonlar\u0131n de\u011feri 1 milyon dolard\u0131r. B\u00fct\u00fcn geli\u015fmi\u015f \u00fclkeler tramvaydan vazge\u00e7iyor. Vagonlar geli\u015fmekte olan \u00fclkelere hibe ediyorlar. Bitmi\u015f bir \u015feyi geri getirmeye \u00e7al\u0131\u015f\u0131yorlar. Bu teknolojik geriliktir. D\u00fcnyada tramvaydan metroya metrodan LRT&#8217;ye ge\u00e7iliyor, bizde ta\u015f devrine geri d\u00f6n\u00fcl\u00fcyor. Zaman i\u00e7inde bu tramvay bozuntusu da ortadan kalkacakt\u0131r. 2 sene sonra kim gelirse gelsin bu sistemi kald\u0131racakt\u0131r. Nitekim tercihli yolu kendisi kald\u0131r\u0131yor. Tramvay fazla uzun \u00f6m\u00fcrl\u00fc olmayacak. Milyarlarca liral\u0131k yat\u0131r\u0131m heba oluyor. \u0130stanbul&#8217;a hizmet niye gelmiyor. \u00c7\u00fcnk\u00fc var olan kaynaklar k\u00f6t\u00fc kullan\u0131l\u0131yor.<\/p>\n\n\n\n<p><em>Yak\u0131n bir gelecekte Belediye Radyo Televizyonu yay\u0131na ge\u00e7ecek. Bu konuda ne d\u00fc\u015f\u00fcn\u00fcyorsunuz?<\/em><\/p>\n\n\n\n<p>DALAN: Belediye niye televizyon kurar anlam\u0131yorum. Sa\u00e7ma sapan bir \u015fey. Belediyenin televizyonu yapt\u0131\u011f\u0131 hizmetleridir. \u00c7\u00f6p\u00fcn\u00fc al, suyunu ver, yolunu yap i\u015fte televizyon budur. Gerek\u00e7e olarak bas\u0131n\u0131n kendisine fazla ilgi g\u00f6stermedi\u011fini s\u00f6yl\u00fcyor. \u00c7\u0131kan haberler bile fazla. Bas\u0131n olmayan haberi mi verecek. K\u00f6t\u00fc mal\u0131 kim satar. TV ile u\u011fra\u015facaklar\u0131na hizmetle u\u011fra\u015fs\u0131nlar. Bizim televizyonumuz Tarlaba\u015f\u0131&#8217;nda duruyor, her ge\u00e7en bize \u015f\u00fckrediyor.<\/p>\n\n\n\n<p><em>Toplu s\u00f6zle\u015fmenin uyu\u015fmazl\u0131kla sonu\u00e7lanmas\u0131 ve sendikan\u0131n grev karar\u0131 almas\u0131ndan \u0130stanbul nas\u0131l zarar g\u00f6r\u00fcr?<\/em><\/p>\n\n\n\n<p>DALAN: Bir insan kendisiyle bar\u0131\u015f\u0131k ya\u015famazsa etraf\u0131n\u0131 k\u0131rar d\u00f6ker. Bu durumda da kimse o kimseyle \u00e7al\u0131\u015fmak istemez. Bu insanlar\u0131 sevgi ile \u00e7al\u0131\u015ft\u0131rabilirsin. Belediye ba\u015fkanl\u0131\u011f\u0131m d\u00f6neminde bir tek grev olmam\u0131\u015ft\u0131r. \u0130\u015f\u00e7iyle de aram \u00e7ok iyiydi. Bana baba derlerdi. \u00c7ok para verme meselesi de\u011fil bu. \u0130nsani ili\u015fkilerde insani de\u011ferlere sayg\u0131 duyma meselesidir. Kendi atad\u0131\u011f\u0131 adamlarla anla\u015fam\u0131yor. Belediyede \u00fcst d\u00fczeyde \u00e7al\u0131\u015fan pek \u00e7ok ki\u015fi g\u00f6revden ayr\u0131lmak zorunda kalm\u0131\u015ft\u0131r.<\/p>\n\n\n\n<p><em>1994 yerel se\u00e7imlerinde \u0130stanbul B\u00fcy\u00fck\u015fehir Belediye Ba\u015fkanl\u0131\u011f\u0131&#8217;na tekrar aday olacak m\u0131s\u0131n\u0131z?<\/em><\/p>\n\n\n\n<p>DALAN: Se\u00e7imlere daha 18 ay var. Siyasette bir hafta bile \u00e7ok uzun bir zamand\u0131r. 1991 genel se\u00e7imlerinde S\u00f6zen&#8217;in karde\u015fi ile ayn\u0131 b\u00f6lgeden farkl\u0131 partilerden se\u00e7ime kat\u0131ld\u0131k. Bize &#8220;Ben kendisini yeniden yenece\u011fim&#8221; dedi. Bu benim iddiam de\u011fildi. Ona kar\u015f\u0131l\u0131k cevap bile vermedim. Ama cevab\u0131n\u0131 halk verdi.<\/p>\n\n\n\n<p><em>Aktif siyasette arad\u0131\u011f\u0131n\u0131z\u0131 bulabildiniz mi?<\/em><\/p>\n\n\n\n<p>DALAN: Ben \u015fu anda aktif siyasette de\u011filim. Siyasetle fazla ilgilenmiyorum. Kabine kuruldu\u011funda i\u00e7ine de kendi iste\u011fimle girmedim. Kendimi siyasi nadasa \u00e7ektim. Biz partimizi kapat\u0131rken oylar\u0131n b\u00f6l\u00fcnmesine ve marjinal g\u00f6r\u00fc\u015flerin \u00f6ne ge\u00e7mesini engellemekti. \u015eu anda nadasta bekliyorum. T\u00fcrk siyasi hayat\u0131nda belki bizim de yapabilece\u011fimiz \u015feyler olabilir. \u015eu anki konjokt\u00fcr m\u00fcsait de\u011fil. Siyasette her \u015fey yeri geldi\u011finde belli olur. Ben eski belediye kadrosuyla \u015fu anda da g\u00f6r\u00fc\u015f\u00fcyorum.<\/p>\n\n\n\n<p><em>Eski Belediye Ba\u015fkan\u0131 olarak son \u00fc\u00e7 y\u0131l \u0130stanbul&#8217;da ger\u00e7ekle\u015ftirilen projeleri nas\u0131l de\u011ferlendiriyorsunuz?<\/em><\/p>\n\n\n\n<p>DALAN: Samimiyetle s\u00f6yl\u00fcyorum. Yapt\u0131klar\u0131 tek olumlu \u015feydi bunu da s\u00f6ylerdim oysa yok. \u00d6yle bir negatif anlay\u0131\u015flar\u0131 var ki, yap\u0131lan b\u00fct\u00fcn pozitif olaylar\u0131 negatif de\u011ferlendiriyorlar. Bunlar\u0131n foto\u011fraf\u0131m \u00e7ekseniz negatif \u00e7\u0131kar. Yap\u0131lan bir \u015fey varsa g\u00f6sterin ben de bravo diyece\u011fim. Yap\u0131lan\u0131 bozmakla me\u015fguller. Ama yapt\u0131klar\u0131 bu sa\u00e7mal\u0131klar gelecekte mutlaka d\u00fczeltilecektir. Ben size burada s\u00f6z veriyorum. Bir y\u0131l i\u00e7inde \u00f6lm\u00fc\u015f \u0130stanbul&#8217;u diriltirim.<\/p>\n\n\n\n<p><em>Ge\u00e7mi\u015f d\u00f6nemde yap\u0131lan projelerin durdurulmas\u0131 ya da o d\u00f6nemde atanm\u0131\u015f ki\u015filerin g\u00f6revden al\u0131nmas\u0131 &#8220;Dalan Kompleksi&#8221; olarak tan\u0131mlan\u0131yor. Bu konuda ne d\u00fc\u015f\u00fcn\u00fcyorsunuz?<\/em><\/p>\n\n\n\n<p>DALAN: Benim S\u00f6zen gibi bir meselem yok ama onun Dalan meselesi var. Buna kamuoyunda kompleks diyorlar. \u0130n\u015fallah bundan kurtulur. Allah acil \u015fifalar versin. \u00c7a\u011fda\u015f normlarda bakarsan ben bug\u00fcnk\u00fc \u0130stanbul B\u00fcy\u00fck\u015fehir Belediyesi y\u00f6netiminden 1 milyon kere daha solday\u0131m. Sosyal demokrat olmak, ileriye bakmak, a\u015f\u0131n\u0131 korumac\u0131l\u0131\u011fa kar\u015f\u0131 \u00e7\u0131kmak, insanlarla g\u00fczel ili\u015fkiler kurmakt\u0131r. Bug\u00fcnk\u00fc y\u00f6netim bu ili\u015fkilere giremiyor. Bunlar sosyal demokrat de\u011fil, sosyal fa\u015fisttir. \u015eimdiye kadar neyi bozmad\u0131lar ki. Yapt\u0131\u011f\u0131m\u0131z parklar\u0131 dahi bozdular. Son olarak Filiz Ali&#8217;yi de biz atad\u0131k dive att\u0131lar. Ama \u00f6m\u00fcrleri az kald\u0131. 1.5 seneleri kald\u0131.<\/p>\n\n\n\n<h2 class=\"wp-block-heading\">NURETT\u0130N S\u00d6ZEN<\/h2>\n\n\n\n<p class=\"is-style-cnvs-paragraph-callout\">1937 y\u0131l\u0131nda Sivas\u2019\u0131n G\u00fcr\u00fcn il\u00e7esinde do\u011fdu. \u0130stanbul Erkek Lisesi&#8217;ni ve \u0130stanbul T\u0131p Fak\u00fcltesi&#8217;ni bitirdi. 1964&#8217;te \u0130stanbul \u00dcniversitesi Cerrahpa\u015fa T\u0131p Fak\u00fcltesi&#8217;nde asistan, 1967&#8217;de uzman, 1973&#8217;te do\u00e7ent, 1978 de profes\u00f6r oldu. Bilimsel \u00e7al\u0131\u015fmalar\u0131n\u0131n bir b\u00f6l\u00fcm\u00fcn\u00fc \u0130ngiltere&#8217;de s\u00fcrd\u00fcrd\u00fc. 1970 y\u0131l\u0131nda evlendi\u011fi e\u015fi vefat etti. 20 ya\u015f\u0131nda bir o\u011flu var. Akademik hayat\u0131nda asistan temsilcili\u011fi, do\u00e7ent temsilcili\u011fi, dekan yard\u0131mc\u0131l\u0131\u011f\u0131, k\u00fcrs\u00fc ba\u015fkanl\u0131\u011f\u0131, dekanl\u0131k ve rekt\u00f6r yard\u0131mc\u0131l\u0131\u011f\u0131 g\u00f6revlerinde bulundu. \u00d6\u011frencilik y\u0131llar\u0131 s\u0131ras\u0131nda 1.0 Tip Fak\u00fcltesi Talebe Cemiyeti genel sekreterli\u011fi, genel ba\u015fkanl\u0131\u011f\u0131, T\u00fcrkiye Milli Talebe Federasyonu genel ba\u015fkanl\u0131\u011f\u0131, T\u00fcrk Devrim Ocaklar\u0131 genel sekreterli\u011fi ve genel ba\u015fkanl\u0131\u011f\u0131 yapan S\u00f6zen, 1954&#8217;te ba\u015flayan siyasi hayat\u0131nda ise s\u0131ras\u0131yla CHP Gedikpa\u015fa Oca\u011f\u0131 kolu ba\u015fkanl\u0131\u011f\u0131, il gen\u00e7lik kolu ba\u015fkanl\u0131\u011f\u0131, \u0130stanbul il y\u00f6netim kurulu \u00fcyeliklerinde bulundu. 26 Mart 1989 yerel se\u00e7imlerinde SHP&#8217;den aday olan S\u00f6zen halen \u0130stanbul B\u00fcy\u00fck\u015fehir Belediye Ba\u015fkanl\u0131\u011f\u0131 g\u00f6revini s\u00fcrd\u00fcr\u00fcyor.<\/p>\n\n\n\n<h2 class=\"wp-block-heading\">BEDRETT\u0130N DALAN<\/h2>\n\n\n\n<p class=\"is-style-cnvs-paragraph-callout\">1941 y\u0131l\u0131nda Eski\u015fehir&#8217;de do\u011fan Bedrettin Dalan, orta ve lise \u00f6\u011frenimini Ayd\u0131n Germencik &#8216;te paras\u0131z yat\u0131l\u0131 olarak tamamlad\u0131. 1963 y\u0131l\u0131nda \u0130stanbul Teknik \u00dcniversitesi&#8217;nden Elektrik Y\u00fcksek M\u00fchendisi olarak mezun oldu. Devlet Demir Yollar\u0131&#8217;nda sinyalizasyon tesislerinin kurulmas\u0131nda g\u00f6rev ald\u0131. Ytong, Vakko ve G\u00fcm\u00fc\u015fsuyu fabrikalar\u0131n\u0131n kurulmas\u0131nda g\u00f6rev ald\u0131. 1982 y\u0131l\u0131nda ANAP\u2019\u0131n kurucu \u00fcyeleri aras\u0131nda yer ald\u0131. Partinin kurulmas\u0131yla ayn\u0131 y\u0131l \u0130stanbul \u0130l Ba\u015fkanl\u0131\u011f\u0131&#8217;na getirildi. Bir y\u0131l sonra 25 Mart 1984&#8217;te yap\u0131lan yerel se\u00e7imlerde \u0130stanbul B\u00fcy\u00fck\u015fehir Belediye Ba\u015fkan\u0131 se\u00e7ildi. 1986 y\u0131l\u0131n\u0131n son aylar\u0131nda ortaya \u00e7\u0131kan g\u00f6r\u00fc\u015f farkl\u0131l\u0131klar\u0131 Dalan&#8217;la ANAP aras\u0131nda sorunlara neden oldu. 26 Mart Yerel se\u00e7imlerinde kaybetti. 14 Kas\u0131m 1989&#8217;da kurucusu oldu\u011fu ANAP&#8217;tan istifa etti. Demokrat Merkez Partisi&#8217;ni kuran Dalan 1991 se\u00e7imleri \u00f6ncesi DYP&#8217;ye kat\u0131ld\u0131.<\/p>\n\n\n\n<figure class=\"wp-block-image size-large\"><img decoding=\"async\" src=\"https:\/\/lh3.googleusercontent.com\/pw\/AMWts8BLDWtJG38VqrKCBaAUFlaKrHE7peaHN_Vp-AmNjdDPz3XBg_AnOZv4tZ_tjZRTlg5rgqbqp307-lEpB-FE72rvd2Hkx__zHKvR8wxkVmIogAfUczqXiiDdNJuaNZElmnnLNG_t8aLqWy8WJUZ7bpW15A=w625-h947-no?authuser=1\" alt=\"\" title=\"\"><figcaption><\/figcaption><\/figure>\n\n\n\n<p>2 A\u011fustos 1992 Sayfa 1<\/p>\n","protected":false},"excerpt":{"rendered":"<p>S\u00f6zen: Dalan&#8217;\u0131n g\u00f6z\u00fc makam\u0131mda. Ben adayl\u0131kta hen\u00fcz kesin karar\u0131m\u0131 vermedim. Ama aday olup, yeniden onunla yar\u0131\u015fmaktan haz duyar\u0131m. Bu bir yar\u0131\u015f meselesidir. Ben bu yar\u0131\u015f\u0131n tekrarlanmas\u0131 halinde 26 Mart se\u00e7imlerindeki fark\u0131n daha da artaca\u011f\u0131na inan\u0131yorum. Dalan: \u0130stanbul&#8217;u diriltirim. Demokratik bir \u00fclkede insanlara zorla mal satamazlar. Beceriksiz insanlar\u0131n y\u00f6nettikleri \u0130stanbul mahk\u00fbm oldu. Bir insan kendisiyle bar\u0131\u015f\u0131k ya\u015famazsa etraf\u0131n\u0131 k\u0131rar d\u00f6ker. Kimse de onunla \u00e7al\u0131\u015fmak istemez. Remzi G\u00f6kda\u011f, \u0130stanbul&#8217;un halef ve selefi ile son 3 y\u0131l\u0131n de\u011ferlendirmesini yapt\u0131. NURETT\u0130N S\u00d6ZEN Cemal Re\u015fit Rey Konser Salonu&#8217;nun alt\u0131nda bulunan odalarda yap\u0131lan tadilat ve salonun genel yay\u0131n y\u00f6netmeni Prof Filiz Ali&#8217;nin g\u00f6revden al\u0131nmas\u0131 konusunda ne<\/p>\n","protected":false},"author":1,"featured_media":65103,"comment_status":"closed","ping_status":"closed","sticky":false,"template":"","format":"standard","meta":{"footnotes":""},"categories":[1319],"tags":[1323],"class_list":["post-65715","post","type-post","status-publish","format-standard","has-post-thumbnail","hentry","category-remzi-gokdag-cumhuriyet-haber-arsivi-1992","tag-1323"],"_links":{"self":[{"href":"https:\/\/www.remgo.com\/11\/wp-json\/wp\/v2\/posts\/65715","targetHints":{"allow":["GET"]}}],"collection":[{"href":"https:\/\/www.remgo.com\/11\/wp-json\/wp\/v2\/posts"}],"about":[{"href":"https:\/\/www.remgo.com\/11\/wp-json\/wp\/v2\/types\/post"}],"author":[{"embeddable":true,"href":"https:\/\/www.remgo.com\/11\/wp-json\/wp\/v2\/users\/1"}],"replies":[{"embeddable":true,"href":"https:\/\/www.remgo.com\/11\/wp-json\/wp\/v2\/comments?post=65715"}],"version-history":[{"count":0,"href":"https:\/\/www.remgo.com\/11\/wp-json\/wp\/v2\/posts\/65715\/revisions"}],"wp:featuredmedia":[{"embeddable":true,"href":"https:\/\/www.remgo.com\/11\/wp-json\/wp\/v2\/media\/65103"}],"wp:attachment":[{"href":"https:\/\/www.remgo.com\/11\/wp-json\/wp\/v2\/media?parent=65715"}],"wp:term":[{"taxonomy":"category","embeddable":true,"href":"https:\/\/www.remgo.com\/11\/wp-json\/wp\/v2\/categories?post=65715"},{"taxonomy":"post_tag","embeddable":true,"href":"https:\/\/www.remgo.com\/11\/wp-json\/wp\/v2\/tags?post=65715"}],"curies":[{"name":"wp","href":"https:\/\/api.w.org\/{rel}","templated":true}]}}