{"id":65682,"date":"1992-05-06T12:41:00","date_gmt":"1992-05-06T09:41:00","guid":{"rendered":"https:\/\/www.remgo.com\/11\/?p=65682"},"modified":"2023-03-08T15:01:10","modified_gmt":"2023-03-08T12:01:10","slug":"65682-2","status":"publish","type":"post","link":"https:\/\/www.remgo.com\/11\/65682-2\/","title":{"rendered":"\u0130stanbul, mek\u00e2n ve zaman olarak b\u00fct\u00fcn tarihini ya\u015fatacak"},"content":{"rendered":"\n<p><\/p>\n\n\n\n<p>Turizm Bakan\u0131 Abd\u00fclkadir Ate\u015f, \u0130stanbul&#8217;un T\u00fcrkiye&#8217;nin tan\u0131t\u0131m\u0131nda ayr\u0131cal\u0131kl\u0131 bir yere sahip oldu\u011funu, kentin tarihi eser uygun olarak yeni d\u00fczenlenece\u011fini s\u00f6yledi.<\/p>\n\n\n\n<p>Bakan Ate\u015f, \u0130stanbul&#8217;da ya\u015fanan turizm karma\u015fas\u0131n\u0131n giderilmesi i\u00e7in turizm polisi sistemine ge\u00e7ilece\u011fini belirterek, \u00d6zellikle \u0130\u00e7i\u015fleri Bakanl\u0131\u011f\u0131 ile ortak \u00e7al\u0131\u015fmalar\u0131m\u0131z var&#8221; dedi.<\/p>\n\n\n\n<p>\u0130stanbul i\u00e7in d\u00fc\u015f\u00fcnd\u00fckleri projeler uygulanmaya ba\u015flad\u0131\u011f\u0131nda kentin b\u00f6lgedeki en \u00f6nemli turizm merkezi olaca\u011f\u0131n\u0131 belirten Ate\u015f, &#8220;T\u00fcrkiye&#8217;ye gelen turistlerin y\u00fczde 35&#8217;i \u0130stanbul&#8217;a u\u011fruyor. Turistin T\u00fcrkiye hakk\u0131ndaki izlenimleri \u0130stanbul&#8217;dan ba\u015fl\u0131yor. Bu nedenle, \u0130stanbul&#8217;un bizim i\u00e7in \u00f6nemi \u00e7ok b\u00fcy\u00fck&#8221; dedi.<\/p>\n\n\n\n<p>H\u00fck\u00fcmetin yerel y\u00f6netimlerle uyum i\u00e7inde \u00e7al\u0131\u015ft\u0131\u011f\u0131n\u0131, pek \u00e7ok projenin yerel y\u00f6netimlerle birlikte haz\u0131rland\u0131\u011f\u0131n\u0131 ifade eden Abd\u00fclkadir Ate\u015f, turizm merkezi ilan etme yetkisi ile ilgili olarak \u015funlar\u0131 s\u00f6yledi: &#8220;Turizm merkezi ilan etme yetkisini ka\u00e7\u0131rmak istemiyorum. Bu yetki, ge\u00e7mi\u015f d\u00f6nemde baz\u0131 ki\u015filerin \u00e7\u0131karlar\u0131 i\u00e7in kullan\u0131lm\u0131\u015f. Sonu\u00e7ta kent zarar g\u00f6rm\u00fc\u015f. Bu yetki, kenti ve ekolojik dengeyi bozmaya cak \u015fekilde kullan\u0131ld\u0131\u011f\u0131nda yarar sa\u011flar. En iyi koruma, planl\u0131 korumad\u0131r. Biz \u00f6n ceki d\u00f6nemde amac\u0131 d\u0131\u015f\u0131nda kullan\u0131lan bu yetki ile ilgili verilen yanl\u0131\u015f kararlar\u0131 yerel y\u00f6netimlerle uyum i\u00e7inde inceliyoruz. An cak, bu b\u00fct\u00fcn \u015fartlar\u0131 durdurmak anlam\u0131na gelmemelidir.&#8221;<\/p>\n\n\n\n<p>Turizm Bakanl\u0131\u011f\u0131 ile \u0130stanbul B\u00fcy\u00fck\u015fehir Belediyesi&#8217;nin \u0130stanbul i\u00e7in s\u00fcrd\u00fcrd\u00fc\u011f\u00fc ortak \u00e7al\u0131\u015fmalar\u0131n son durumu \u015f\u00f6yle:<\/p>\n\n\n\n<p>Sultanahmet ve \u00c7evresi: AksaraySirkeci tramvay \u00e7al\u0131\u015fmalar\u0131n\u0131n tamamlanmas\u0131ndan sonra yayalara a\u00e7\u0131lmas\u0131 planlanan bu b\u00f6lgede \u00f6ncelikle trafik karma\u015fas\u0131n\u0131n giderilmesi d\u00fc\u015f\u00fcn\u00fcl\u00fcyor. Ayasofya ile Sultanahmet Camii aras\u0131na ve Topkap\u0131 Saray\u0131&#8217;n\u0131n d\u0131\u015f avlusuna turist otob\u00fcslerinin park etmesi yasaklanacak. B\u00f6lge turistleri rahats\u0131z eden seyyar sat\u0131c\u0131lardan ar\u0131nd\u0131r\u0131lacak.<\/p>\n\n\n\n<p>Beyo\u011flu: \u0130stiklal Caddesi ve \u00e7evresi temizlenecek. Beyo\u011flu&#8217;nun ara sokaklar\u0131nda bulunan tarihi binalar restore edilecek. \u00c7al\u0131\u015fmalarla ilgili B\u00fcy\u00fck\u015fehir Belediyesi \u00f6zel bir temizleme arac\u0131 getirecek. Galata Kulesi ve \u00e7evresi de yeniden projelendirilerek asl\u0131na uygun olarak restore edilecek.<\/p>\n\n\n\n<p>S\u00fcleymaniye ve \u00e7evresi: S\u00fcleymaniye Camii ve \u00e7evresini ele alan 8,5 hektarl\u0131k alanda Kirazl\u0131 Mescit Soka\u011f\u0131 ile S\u00fcleymaniye Camii ve Botanik Bah\u00e7esi aras\u0131nda yer alan &#8220;Kare Alan&#8221; \u00f6ncelikli olarak restore edilecek. Bu noktalardaki eski binalar\u0131n rel\u00f6ve ve restorasyon projeleri k\u0131smen yap\u0131ld\u0131.<\/p>\n\n\n\n<p>Ey\u00fcp: E5 Hali\u00e7 K\u00f6pr\u00fcs\u00fc&#8217;nden Ey\u00fcp Camii ve Piyerloti&#8217;yi i\u00e7ine alan b\u00f6lgeyi kaps\u0131yor. Projeye g\u00f6re, Ey\u00fcp Camii ve \u00e7evresi trafikten ar\u0131nd\u0131r\u0131lacak. Sahilde bulunan ve ah\u015fap dokunun yo\u011fun oldu\u011fu b\u00f6lge restore edilecek. Ey\u00fcp iskelesinin devam\u0131 olan Camii Kebir Soka\u011f\u0131 yayala\u015ft\u0131r\u0131lacak.<\/p>\n\n\n\n<p>\u0130stinye Koyu: Tersanenin ta\u015f\u0131nmas\u0131ndan sonra koyda bulunan binalar\u0131n restorasyon projeleri haz\u0131rland\u0131. Temizleme \u00e7al\u0131\u015fmalan s\u00fcr\u00fcyor. B\u00f6lge, \u0130stanbul&#8217;a gelen turistlerin Bo\u011fazi\u00e7i&#8217;ni seyredebilecekleri bir yer olarak d\u00fczenlenecek.<\/p>\n\n\n\n<p>K\u0131z Kulesi: Turistlerin \u0130stanbul&#8217;u de\u011fi\u015fik bir noktadan seyredebilmeleri i\u00e7in restoran olarak yeniden d\u00fczenlenecek.<\/p>\n\n\n\n<p>Adalar: Kongre turizmine uygun olan adalarda bu t\u00fcr faaliyetler artt\u0131r\u0131lacak. Do\u011fal ve tarihsel yap\u0131lar asl\u0131na uygun olarak restore edilecek.<\/p>\n\n\n\n<figure class=\"wp-block-image size-large\"><img decoding=\"async\" src=\"https:\/\/lh3.googleusercontent.com\/pw\/AMWts8CHp-Q370ksn4vjPRyeD7axpQ4TSDBcaEhU626teoGgFWG4SckDTAf9CeCFNlW3W0I0sbLRL4R029iXnGADWkiXZAWOjM42rERFLxoyUQpkbdlqQ_PL9evf3aPRjF7wjIQ79HoFAMVnjfLjzQ_7-L_Xzw=w1577-h661-no?authuser=1\" alt=\"\" title=\"\"><figcaption><\/figcaption><\/figure>\n\n\n\n<p>6 May\u0131s 1992 Sayfa 3<\/p>\n","protected":false},"excerpt":{"rendered":"<p>Turizm Bakan\u0131 Abd\u00fclkadir Ate\u015f, \u0130stanbul&#8217;un T\u00fcrkiye&#8217;nin tan\u0131t\u0131m\u0131nda ayr\u0131cal\u0131kl\u0131 bir yere sahip oldu\u011funu, kentin tarihi eser uygun olarak yeni d\u00fczenlenece\u011fini s\u00f6yledi. Bakan Ate\u015f, \u0130stanbul&#8217;da ya\u015fanan turizm karma\u015fas\u0131n\u0131n giderilmesi i\u00e7in turizm polisi sistemine ge\u00e7ilece\u011fini belirterek, \u00d6zellikle \u0130\u00e7i\u015fleri Bakanl\u0131\u011f\u0131 ile ortak \u00e7al\u0131\u015fmalar\u0131m\u0131z var&#8221; dedi. \u0130stanbul i\u00e7in d\u00fc\u015f\u00fcnd\u00fckleri projeler uygulanmaya ba\u015flad\u0131\u011f\u0131nda kentin b\u00f6lgedeki en \u00f6nemli turizm merkezi olaca\u011f\u0131n\u0131 belirten Ate\u015f, &#8220;T\u00fcrkiye&#8217;ye gelen turistlerin y\u00fczde 35&#8217;i \u0130stanbul&#8217;a u\u011fruyor. Turistin T\u00fcrkiye hakk\u0131ndaki izlenimleri \u0130stanbul&#8217;dan ba\u015fl\u0131yor. Bu nedenle, \u0130stanbul&#8217;un bizim i\u00e7in \u00f6nemi \u00e7ok b\u00fcy\u00fck&#8221; dedi. H\u00fck\u00fcmetin yerel y\u00f6netimlerle uyum i\u00e7inde \u00e7al\u0131\u015ft\u0131\u011f\u0131n\u0131, pek \u00e7ok projenin yerel y\u00f6netimlerle birlikte haz\u0131rland\u0131\u011f\u0131n\u0131 ifade eden Abd\u00fclkadir Ate\u015f, turizm merkezi ilan etme yetkisi<\/p>\n","protected":false},"author":1,"featured_media":65103,"comment_status":"closed","ping_status":"closed","sticky":false,"template":"","format":"standard","meta":{"footnotes":""},"categories":[1319],"tags":[1323],"class_list":["post-65682","post","type-post","status-publish","format-standard","has-post-thumbnail","hentry","category-remzi-gokdag-cumhuriyet-haber-arsivi-1992","tag-1323"],"_links":{"self":[{"href":"https:\/\/www.remgo.com\/11\/wp-json\/wp\/v2\/posts\/65682","targetHints":{"allow":["GET"]}}],"collection":[{"href":"https:\/\/www.remgo.com\/11\/wp-json\/wp\/v2\/posts"}],"about":[{"href":"https:\/\/www.remgo.com\/11\/wp-json\/wp\/v2\/types\/post"}],"author":[{"embeddable":true,"href":"https:\/\/www.remgo.com\/11\/wp-json\/wp\/v2\/users\/1"}],"replies":[{"embeddable":true,"href":"https:\/\/www.remgo.com\/11\/wp-json\/wp\/v2\/comments?post=65682"}],"version-history":[{"count":0,"href":"https:\/\/www.remgo.com\/11\/wp-json\/wp\/v2\/posts\/65682\/revisions"}],"wp:featuredmedia":[{"embeddable":true,"href":"https:\/\/www.remgo.com\/11\/wp-json\/wp\/v2\/media\/65103"}],"wp:attachment":[{"href":"https:\/\/www.remgo.com\/11\/wp-json\/wp\/v2\/media?parent=65682"}],"wp:term":[{"taxonomy":"category","embeddable":true,"href":"https:\/\/www.remgo.com\/11\/wp-json\/wp\/v2\/categories?post=65682"},{"taxonomy":"post_tag","embeddable":true,"href":"https:\/\/www.remgo.com\/11\/wp-json\/wp\/v2\/tags?post=65682"}],"curies":[{"name":"wp","href":"https:\/\/api.w.org\/{rel}","templated":true}]}}