{"id":65577,"date":"1993-02-18T13:42:00","date_gmt":"1993-02-18T10:42:00","guid":{"rendered":"https:\/\/www.remgo.com\/11\/?p=65577"},"modified":"2023-03-07T14:06:35","modified_gmt":"2023-03-07T11:06:35","slug":"65577-2","status":"publish","type":"post","link":"https:\/\/www.remgo.com\/11\/65577-2\/","title":{"rendered":"\u00c7a\u011fda\u015f Piramid&#8217;e y\u0131k\u0131m karar\u0131"},"content":{"rendered":"\n<p>Fenerbah\u00e7e Burnu&#8217;nda k\u0131y\u0131 ku\u015fa\u011f\u0131m\u0131 yap\u0131la\u015fmaya a\u00e7an Kad\u0131k\u00f6y Belediye Meclisi karar\u0131n\u0131 ge\u00e7ersiz sayan mahkeme, Kad\u0131k\u00f6y Belediyesi&#8217;nin tutumunu &#8220;hukuka ayk\u0131n\u0131&#8221; olarak nitelendirdi.<\/p>\n\n\n\n<p>Mahkeme karar\u0131na g\u00f6re yap\u0131n\u0131n y\u0131k\u0131lmas\u0131 gerekiyor. Kad\u0131k\u00f6y Belediye Ba\u015fkan\u0131 \u00d6zyal\u00e7\u0131n, &#8220;Yasal dayana\u011f\u0131m i\u00e7inde imkanlar\u0131m\u0131 kullan\u0131r\u0131m. Kol k\u0131r\u0131l\u0131r yen i\u00e7inde kal\u0131r&#8221; dedi.<\/p>\n\n\n\n<p>Kad\u0131k\u00f6y Belediyesi&#8217;nce ge\u00e7ti\u011fimiz y\u0131l Fenerbah\u00e7e Burnu&#8217;nda park ve kumsal alan \u00fczerine ka\u00e7ak olarak yapt\u0131r\u0131lan Piramid E\u011flence ve K\u00fclt\u00fcr Merkezi i\u00e7in \u0130stanbul 6. \u0130dare Mahkemesi y\u00fcr\u00fctmeyi durdurma karan ald\u0131.<\/p>\n\n\n\n<p>Fenerbah\u00e7e Burnu&#8217;nda ka\u00e7ak olarak in\u015fa edilen Piramid E\u011flence ve K\u00fclt\u00fcr Merkezi i\u00e7in \u0130stanbul 6. \u0130dare Mahkemesi &#8220;ka\u00e7ak yap\u0131&#8221; karar\u0131 ald\u0131. Fenerbah\u00e7e Burnu&#8217;nda k\u0131y\u0131 ku\u015fa\u011f\u0131n\u0131 yap\u0131la\u015fmaya a\u00e7an Kad\u0131k\u00f6y Belediye Meclisi&#8217;nin tutumunu hukuka ayk\u0131r\u0131 olarak nitelendirdi.<\/p>\n\n\n\n<p>Piramid i\u00e7in iki ay \u00f6nce verilen karar bir ay \u00f6nce Kad\u0131k\u00f6y Belediyesi&#8217;ne ula\u015fmas\u0131na kar\u015f\u0131n hen\u00fcz uygulanmad\u0131. Kad\u0131k\u00f6y Belediyesi, il\u00e7e sakinlerinin art\u0131k benimsedi\u011fi bu ka\u00e7ak yap\u0131y\u0131 kacak m\u0131? Yoksa bug\u00fcn\u00fcn de\u011feriyle 60 milyar liraya mal olan bu tesis, yasad\u0131\u015f\u0131 bir yap\u0131 olarak il\u00e7enin simgesi haline mi gelecek? Bu sorular\u0131 Kad\u0131k\u00f6y Belediye Ba\u015fkan\u0131 Cengiz \u00d6zyal\u00e7\u0131n \u015f\u00f6yle yan\u0131tl\u0131yor:<\/p>\n\n\n\n<p>&#8220;Kad\u0131k\u00f6yl\u00fclerin severek benimsedikleri bu yap\u0131 i\u00e7in mahkeme y\u00fcr\u00fctmeyi durdurma karar\u0131 veriyor. Devletin mahkemesinin verdi\u011fi karara sayg\u0131l\u0131y\u0131m. Hatadir. Do\u011frudur. Benim ete\u011fimde ta\u015f yok. Planlan B\u00fcy\u00fck\u015fehir Belediyesi&#8217;ne g\u00f6nderdim. Onun da verece\u011fi karar do\u011frultusunda gereken yap\u0131l\u0131r. Kol k\u0131nl\u0131r yen i\u00e7inde kal\u0131r. Ancak yasal dayana\u011f\u0131m i\u00e7inde imkanlar\u0131m\u0131 kullan\u0131r\u0131m.&#8221;<\/p>\n\n\n\n<p>\u00d6zyal\u00e7\u0131n&#8217;\u0131n &#8220;Son karar\u0131 B\u00fcy\u00fck\u015fehir Belediyesi s\u00f6ylesin&#8221; diyerek g\u00f6nderdi\u011fi planlara B\u00fcy\u00fck\u015fehir Belediyesi, ge\u00e7ti\u011fimiz y\u0131l &#8220;s\u00f6z konusu in\u015faat\u0131n yap\u0131lmas\u0131 giderilmesi g\u00fc\u00e7 zararlar verecek&#8221; gerek\u00e7esiyle kar\u015f\u0131 \u00e7\u0131km\u0131\u015ft\u0131.<\/p>\n\n\n\n<p>Piramid&#8217;in yap\u0131m\u0131n\u0131 engellemek amac\u0131yla a\u00e7t\u0131\u011f\u0131 davay\u0131 kazanan Mimarlar Odas\u0131 \u0130stanbul B\u00fcy\u00fckkent \u015eubesi ise s\u00f6z konusu yap\u0131n\u0131n y\u0131k\u0131lmas\u0131n\u0131n, hukuka, kamu yarar\u0131na ve \u0130stanbul&#8217;a sayg\u0131n\u0131n g\u00f6stergesi olaca\u011f\u0131n\u0131 belirtiyor. 1991 y\u0131l\u0131nda SHP&#8217;li Kad\u0131k\u00f6y Belediye Meclisi ald\u0131\u011f\u0131 bir kararla Fenerbah\u00e7e Burnu&#8217;na bir e\u011flence ve k\u00fclt\u00fcr merkezi yap\u0131lmas\u0131n\u0131 kararla\u015ft\u0131rd\u0131.<\/p>\n\n\n\n<p>Projeye o g\u00fcnlerde Kad\u0131k\u00f6y Belediye Meclis \u00fcyelerinin bir k\u0131sm\u0131 kar\u015f\u0131 \u00e7\u0131k\u0131yordu. Meclis \u00fcyesi Yusuf S\u00fcrmen, yapt\u0131\u011f\u0131 bir a\u00e7\u0131klama da ihale ile ilgili \u015fu iddialarda bulunuyordu:<\/p>\n\n\n\n<p>&#8220;Ihaleye \u00e7\u0131kar\u0131lan yer T\u00fcrkiye&#8217;nin en nezih ve en \u00e7ok rant getirecek b\u00f6lgesidir. \u0130hale yap i\u015flet-devret sistemiyle 10 y\u0131ll\u0131\u011f\u0131na verilmektedir. Yani \u015firket arsa i\u00e7in bir lira vermeyecektir. \u0130hale ilam da \u0130stanbul\u2019da yay\u0131nlanan g\u00fcnl\u00fck gazeteler yerine Bursa Hakimiyet Gazetesi&#8217;ne verilmi\u015ftir.&#8221;<\/p>\n\n\n\n<p>\u0130haleyi kazanan PIMTA\u015e (Proje, \u0130n\u015faat, M\u00fchendislik, Turizm A\u015e) taraf\u0131ndan in\u015fas\u0131na ba\u015flanan Piramid (\u0130lk ad\u0131yla Magic Center), \u00e7evreci ki\u015fi ve kurulu\u015flar\u0131n tepkisiyle kar\u015f\u0131lanmas\u0131na kar\u015f\u0131n, s\u00f6zkonusu alan\u0131 tahta perdelerle \u00e7evirerek in\u015faata ba\u015flad\u0131.<\/p>\n\n\n\n<p>Deniz dolgusundan elde edilen alan ile k\u0131y\u0131 band\u0131na yap\u0131lacak in\u015faat\u0131 Mimarlar Odas\u0131 \u0130stanbul \u015eubesi 1. B\u00f6lge Temsilcili\u011fi sembolik olarak m\u00fch\u00fcrlendi ve in\u015faat\u0131n durdurulmas\u0131 i\u00e7in mahkemeye ba\u015fvurdu. Ancak in\u015faat, Kad\u0131k\u00f6yl\u00fclerin b\u00fct\u00fcn tepkilerine ve a\u00e7\u0131lm\u0131\u015f bir davan\u0131n devam etmesine kar\u015f\u0131n tamamland\u0131 ve 1992 y\u0131l\u0131n\u0131n eyl\u00fcl ay\u0131nda a\u00e7\u0131ld\u0131.<\/p>\n\n\n\n<p>18 Eyl\u00fcl 1992&#8217;de a\u00e7\u0131lan Piramid, 40 milyar liraya mal oldu. 6 bin metrekare alan \u00fczerine kurulu Piramid, yap-i\u015flet-devret modeliyle 10 y\u0131ll\u0131\u011f\u0131na PIMTA\u015e&#8217;a kiraland\u0131. &#8220;Anadolu yakas\u0131nda ya\u015fayan ailelere her mevsim kullan\u0131labilecek dinlence, e\u011flence, al\u0131\u015f-veri\u015f, spor, k\u00fclt\u00fcr hizmetlerinin sunulabilmesi&#8221; amac\u0131yla hizmete giren Piramid&#8217;in d\u0131\u015f kaplamalar\u0131nda 2 bin metrekare cam kullan\u0131ld\u0131. Merkezi \u0131s\u0131tma, havaland\u0131rma ve so\u011futma sistemi ile klimatize edilen tesisin zemin kat\u0131nda 250 ki\u015filik bir sinema salonu, yiyecek \u00fcniteleri ve al\u0131\u015f-veri\u015f birimleri, birinci kat\u0131nda ise bowling salonu, bilgisayar oyunlar\u0131 ve bar bulunuyor.<\/p>\n\n\n\n<p>3030 say\u0131l\u0131 yasan\u0131n 6. maddesi ile bu yasan\u0131n uygulanmas\u0131na dair y\u00f6netmeli\u011fin 8. maddesi uyar\u0131nca, il\u00e7e belediyelerince haz\u0131rlanan uygulama planlar\u0131 B\u00fcy\u00fck\u015fehir Belediyesi&#8217;nin onay\u0131ndan ge\u00e7mesi gerekiyor. Planlar B\u00fcy\u00fck\u015fehir Belediyesi&#8217; nin onay\u0131ndan sonra uygulanabiliyor. Oysa, Piramid&#8217;i de i\u00e7ine alan parselin tadilat plan\u0131, B\u00fcy\u00fck\u015fehir Belediyesi&#8217;nce onaylanmad\u0131.<\/p>\n\n\n\n<p>3194 say\u0131l\u0131 \u0130mar Kanunu&#8217;nun 26. maddesinin 1. f\u0131kras\u0131nda ise kamu kurum ve kurulu\u015flar\u0131nca yap\u0131lacak veya yapt\u0131nlacak yap\u0131lara, imar planlar\u0131nda o maksada tahsis edilmi\u015f olmak, mevzuata ayk\u0131r\u0131 olmamak kayd\u0131yla avan projeye ruhsat verilece\u011fi&#8221; belirtiliyor.<\/p>\n\n\n\n<figure class=\"wp-block-image size-large\"><img decoding=\"async\" src=\"https:\/\/lh3.googleusercontent.com\/pw\/AMWts8Cqh3_FlHPoMrcXzM0-Z4bGm16GeijoHDY_hHPkXo1N_tknnhF2KlMNsICPNGyUwPTTGYW6PNeLjX7bfHKwpQDCiaGs--kbCGyz7d20I50FDAeuH3wJNNAKub09pyooHLiCjtaJ9Gc8E3nMQx5z8S5F7Q=w941-h947-no?authuser=1\" alt=\"\" title=\"\"><figcaption><\/figcaption><\/figure>\n\n\n\n<p>18 \u015eubat 1993 Sayfa 3<\/p>\n","protected":false},"excerpt":{"rendered":"<p>Fenerbah\u00e7e Burnu&#8217;nda k\u0131y\u0131 ku\u015fa\u011f\u0131m\u0131 yap\u0131la\u015fmaya a\u00e7an Kad\u0131k\u00f6y Belediye Meclisi karar\u0131n\u0131 ge\u00e7ersiz sayan mahkeme, Kad\u0131k\u00f6y Belediyesi&#8217;nin tutumunu &#8220;hukuka ayk\u0131n\u0131&#8221; olarak nitelendirdi. Mahkeme karar\u0131na g\u00f6re yap\u0131n\u0131n y\u0131k\u0131lmas\u0131 gerekiyor. Kad\u0131k\u00f6y Belediye Ba\u015fkan\u0131 \u00d6zyal\u00e7\u0131n, &#8220;Yasal dayana\u011f\u0131m i\u00e7inde imkanlar\u0131m\u0131 kullan\u0131r\u0131m. Kol k\u0131r\u0131l\u0131r yen i\u00e7inde kal\u0131r&#8221; dedi. Kad\u0131k\u00f6y Belediyesi&#8217;nce ge\u00e7ti\u011fimiz y\u0131l Fenerbah\u00e7e Burnu&#8217;nda park ve kumsal alan \u00fczerine ka\u00e7ak olarak yapt\u0131r\u0131lan Piramid E\u011flence ve K\u00fclt\u00fcr Merkezi i\u00e7in \u0130stanbul 6. \u0130dare Mahkemesi y\u00fcr\u00fctmeyi durdurma karan ald\u0131. Fenerbah\u00e7e Burnu&#8217;nda ka\u00e7ak olarak in\u015fa edilen Piramid E\u011flence ve K\u00fclt\u00fcr Merkezi i\u00e7in \u0130stanbul 6. \u0130dare Mahkemesi &#8220;ka\u00e7ak yap\u0131&#8221; karar\u0131 ald\u0131. Fenerbah\u00e7e Burnu&#8217;nda k\u0131y\u0131 ku\u015fa\u011f\u0131n\u0131 yap\u0131la\u015fmaya a\u00e7an Kad\u0131k\u00f6y Belediye Meclisi&#8217;nin tutumunu hukuka<\/p>\n","protected":false},"author":1,"featured_media":65103,"comment_status":"closed","ping_status":"closed","sticky":false,"template":"","format":"standard","meta":{"footnotes":""},"categories":[1320],"tags":[1322],"class_list":["post-65577","post","type-post","status-publish","format-standard","has-post-thumbnail","hentry","category-remzi-gokdag-cumhuriyet-haber-arsivi-1993","tag-1322"],"_links":{"self":[{"href":"https:\/\/www.remgo.com\/11\/wp-json\/wp\/v2\/posts\/65577","targetHints":{"allow":["GET"]}}],"collection":[{"href":"https:\/\/www.remgo.com\/11\/wp-json\/wp\/v2\/posts"}],"about":[{"href":"https:\/\/www.remgo.com\/11\/wp-json\/wp\/v2\/types\/post"}],"author":[{"embeddable":true,"href":"https:\/\/www.remgo.com\/11\/wp-json\/wp\/v2\/users\/1"}],"replies":[{"embeddable":true,"href":"https:\/\/www.remgo.com\/11\/wp-json\/wp\/v2\/comments?post=65577"}],"version-history":[{"count":0,"href":"https:\/\/www.remgo.com\/11\/wp-json\/wp\/v2\/posts\/65577\/revisions"}],"wp:featuredmedia":[{"embeddable":true,"href":"https:\/\/www.remgo.com\/11\/wp-json\/wp\/v2\/media\/65103"}],"wp:attachment":[{"href":"https:\/\/www.remgo.com\/11\/wp-json\/wp\/v2\/media?parent=65577"}],"wp:term":[{"taxonomy":"category","embeddable":true,"href":"https:\/\/www.remgo.com\/11\/wp-json\/wp\/v2\/categories?post=65577"},{"taxonomy":"post_tag","embeddable":true,"href":"https:\/\/www.remgo.com\/11\/wp-json\/wp\/v2\/tags?post=65577"}],"curies":[{"name":"wp","href":"https:\/\/api.w.org\/{rel}","templated":true}]}}