{"id":65569,"date":"1993-01-19T13:31:00","date_gmt":"1993-01-19T10:31:00","guid":{"rendered":"https:\/\/www.remgo.com\/11\/?p=65569"},"modified":"2023-03-07T13:55:40","modified_gmt":"2023-03-07T10:55:40","slug":"65569-2","status":"publish","type":"post","link":"https:\/\/www.remgo.com\/11\/65569-2\/","title":{"rendered":"Turizm merkezi ilan yetkisini kald\u0131rmay\u0131z"},"content":{"rendered":"\n<p><\/p>\n\n\n\n<p>Turizm Bakan\u0131 Abd\u00fclkadir Ate\u015f, ANAP d\u00f6neminde yanl\u0131\u015f kullan\u0131ld\u0131\u011f\u0131n\u0131 iddia etti\u011fi Turizm Merkezi \u0130lan Etme Yetkisi&#8221;ni iptal etmeyi d\u00fc\u015f\u00fcnmediklerini s\u00f6yledi. Turizmi Yasas\u0131&#8217;n\u0131n ve turizm merkezi ilan etme ANAP d\u00f6neminde k\u00f6t\u00fcye kullanan baz\u0131 ki\u015filere \u00e7\u0131kar sa\u011fland\u0131\u011f\u0131n\u0131 belirten &#8220;Turizm merkezi ilan etme yetkisi amac\u0131 d\u0131\u015f\u0131nda kullan\u0131ld\u0131\u011f\u0131nda zarar verir. Biz \u00f6nceki d\u00f6nemde amac\u0131 d\u0131\u015f\u0131nda kullan\u0131lan bu yetki ile verilen yanl\u0131\u015f kararlar\u0131 yerel y\u00f6netimlerle uyum i\u00e7inde inceliyoruz&#8221; dedi.<\/p>\n\n\n\n<p>\u0130stanbul&#8217;da bulunan Turizm Bakan\u0131 Abd\u00fclkadir Ate\u015f, turizm merkezi ilan etme yetkisi ile ilgili Cumhuriyet&#8217;e \u015fu a\u00e7\u0131klamay\u0131 yapt\u0131: &#8220;H\u00fck\u00fcmetimiz yerel y\u00f6netimlerle uyum \u00e7al\u0131\u015f\u0131yor. Pek \u00e7ok proje yerel y\u00f6netimlerle birlikte haz\u0131rlan\u0131yor. Turizm Merkezi etme yetkisini iptal etmek gibi bir d\u00fc\u015f\u00fcncemiz yok. Bu yetki ge\u00e7mi\u015f d\u00f6nemde baz\u0131 ki\u015filere \u00e7\u0131kar sa\u011flam\u0131\u015f, hatalar yap\u0131lm\u0131\u015ft\u0131r. Sonu\u00e7ta kent zarar g\u00f6rm\u00fc\u015f. Bu yetki, ekolojik dengeyi bozmayacak \u015fekilde kullan\u0131ld\u0131\u011f\u0131nda yarar sa\u011flar. Planl\u0131 koruma en iyi korumad\u0131r. \u00d6nceki d\u00f6nemde verilen yanl\u0131\u015f kararlar\u0131 bakanl\u0131k olarak yerel y\u00f6netimlerle birlikte inceli. Bu yetkiyi durdurmak s\u00f6z konusu de Mimarlar Odas\u0131 \u0130stanbul \u015eube Ba\u015fkan\u0131 Oktay Ekinci ise yapt\u0131\u011f\u0131 a\u00e7\u0131klamada Turizmi Te\u015fvik Yasas\u0131&#8217;n\u0131n bilim d\u0131\u015f\u0131 oldu\u011funu ve genel hukuka ayk\u0131r\u0131 y\u00f6nlerinin giderilmesi gerekti\u011fini s\u00f6yledi. Ekinci, yasan\u0131n, ilerde olas\u0131 bir anlay\u0131\u015f de\u011fi\u015fikli\u011finde yeniden spek\u00fclatif yat\u0131r\u0131mlar\u0131 g\u00fcndeme getirece\u011fini s\u00f6yledi.<\/p>\n\n\n\n<figure class=\"wp-block-image size-large\"><img decoding=\"async\" src=\"https:\/\/lh3.googleusercontent.com\/pw\/AMWts8DibjVJwZR32-yKJRHc3oAw2DYJexRxW3iIQMCEs4rGkXwBFIADhjd2RHX-3NwINdFf0ItR9aOnSBMHBlwpP01Wy7LQPcekrr7lWAkhvIm9Zt8GNBkpamvtg6yk5zEaV1UrFawmulAYo58Mposvdc13KQ=w279-h870-no?authuser=1\" alt=\"\" title=\"\"><figcaption><\/figcaption><\/figure>\n\n\n\n<p>19 Ocak 1993 Sayfa 1<\/p>\n","protected":false},"excerpt":{"rendered":"<p>Turizm Bakan\u0131 Abd\u00fclkadir Ate\u015f, ANAP d\u00f6neminde yanl\u0131\u015f kullan\u0131ld\u0131\u011f\u0131n\u0131 iddia etti\u011fi Turizm Merkezi \u0130lan Etme Yetkisi&#8221;ni iptal etmeyi d\u00fc\u015f\u00fcnmediklerini s\u00f6yledi. Turizmi Yasas\u0131&#8217;n\u0131n ve turizm merkezi ilan etme ANAP d\u00f6neminde k\u00f6t\u00fcye kullanan baz\u0131 ki\u015filere \u00e7\u0131kar sa\u011fland\u0131\u011f\u0131n\u0131 belirten &#8220;Turizm merkezi ilan etme yetkisi amac\u0131 d\u0131\u015f\u0131nda kullan\u0131ld\u0131\u011f\u0131nda zarar verir. Biz \u00f6nceki d\u00f6nemde amac\u0131 d\u0131\u015f\u0131nda kullan\u0131lan bu yetki ile verilen yanl\u0131\u015f kararlar\u0131 yerel y\u00f6netimlerle uyum i\u00e7inde inceliyoruz&#8221; dedi. \u0130stanbul&#8217;da bulunan Turizm Bakan\u0131 Abd\u00fclkadir Ate\u015f, turizm merkezi ilan etme yetkisi ile ilgili Cumhuriyet&#8217;e \u015fu a\u00e7\u0131klamay\u0131 yapt\u0131: &#8220;H\u00fck\u00fcmetimiz yerel y\u00f6netimlerle uyum \u00e7al\u0131\u015f\u0131yor. Pek \u00e7ok proje yerel y\u00f6netimlerle birlikte haz\u0131rlan\u0131yor. Turizm Merkezi etme yetkisini iptal etmek gibi bir<\/p>\n","protected":false},"author":1,"featured_media":65103,"comment_status":"closed","ping_status":"closed","sticky":false,"template":"","format":"standard","meta":{"footnotes":""},"categories":[1320],"tags":[1322],"class_list":["post-65569","post","type-post","status-publish","format-standard","has-post-thumbnail","hentry","category-remzi-gokdag-cumhuriyet-haber-arsivi-1993","tag-1322"],"_links":{"self":[{"href":"https:\/\/www.remgo.com\/11\/wp-json\/wp\/v2\/posts\/65569","targetHints":{"allow":["GET"]}}],"collection":[{"href":"https:\/\/www.remgo.com\/11\/wp-json\/wp\/v2\/posts"}],"about":[{"href":"https:\/\/www.remgo.com\/11\/wp-json\/wp\/v2\/types\/post"}],"author":[{"embeddable":true,"href":"https:\/\/www.remgo.com\/11\/wp-json\/wp\/v2\/users\/1"}],"replies":[{"embeddable":true,"href":"https:\/\/www.remgo.com\/11\/wp-json\/wp\/v2\/comments?post=65569"}],"version-history":[{"count":0,"href":"https:\/\/www.remgo.com\/11\/wp-json\/wp\/v2\/posts\/65569\/revisions"}],"wp:featuredmedia":[{"embeddable":true,"href":"https:\/\/www.remgo.com\/11\/wp-json\/wp\/v2\/media\/65103"}],"wp:attachment":[{"href":"https:\/\/www.remgo.com\/11\/wp-json\/wp\/v2\/media?parent=65569"}],"wp:term":[{"taxonomy":"category","embeddable":true,"href":"https:\/\/www.remgo.com\/11\/wp-json\/wp\/v2\/categories?post=65569"},{"taxonomy":"post_tag","embeddable":true,"href":"https:\/\/www.remgo.com\/11\/wp-json\/wp\/v2\/tags?post=65569"}],"curies":[{"name":"wp","href":"https:\/\/api.w.org\/{rel}","templated":true}]}}