{"id":65566,"date":"1993-01-11T13:30:00","date_gmt":"1993-01-11T10:30:00","guid":{"rendered":"https:\/\/www.remgo.com\/11\/?p=65566"},"modified":"2023-03-07T13:55:44","modified_gmt":"2023-03-07T10:55:44","slug":"gokkafese-muhur-yetkisi-sozende","status":"publish","type":"post","link":"https:\/\/www.remgo.com\/11\/gokkafese-muhur-yetkisi-sozende\/","title":{"rendered":"G\u00f6kkafes&#8217;e m\u00fch\u00fcr yetkisi S\u00f6zen&#8217;de"},"content":{"rendered":"\n<p><\/p>\n\n\n\n<p>\u0130stanbul B\u00fcy\u00fck\u015fehir Belediye Meclisi, G\u00f6kkafes in ruhsat uzatma i\u015flemini iptal etti. Meclis, in\u015faat\u0131n Beyo\u011flu Belediyesi&#8217;nce m\u00fch\u00fcrlenmemesi halinde S\u00f6zen&#8217;e m\u00fch\u00fcrleme yetkisi verdi. D\u00fcn ak\u015fam ge\u00e7 saatlere kadar s\u00fcren tart\u0131\u015fmal\u0131 meclis oturumunda m\u00fch\u00fcrleme i\u015fleminin \u00f6n\u00fcm\u00fczdeki hafta yap\u0131laca\u011f\u0131 belirtildi. Oturumda ayr\u0131ca Belediye Ba\u015fkan\u0131 Nurettin S\u00f6zen&#8217;in maa\u015f\u0131n\u0131n artt\u0131r\u0131lmas\u0131 kararla\u015ft\u0131r\u0131ld\u0131.<\/p>\n\n\n\n<p>\u0130stanbul B\u00fcy\u00fck\u015fehir Belediye Meclisi, G\u00f6kkafes in\u015faat\u0131n\u0131 m\u00fch\u00fcrleme yetkisini Nurettin S\u00f6zen&#8217;e verdi. Belediye Meclisi d\u00fcnk\u00fc toplant\u0131s\u0131nda ayr\u0131ca Belediye Ba\u015fkan\u0131 Nurettin S\u00f6zen&#8217;in maa\u015f\u0131n\u0131n artt\u0131r\u0131lmas\u0131n\u0131 kararla\u015ft\u0131rd\u0131. Karara g\u00f6re, S\u00f6zen&#8217;in maa\u015f\u0131, milletvekili maa\u015f\u0131 art\u0131 10 milyon art\u0131 \u00f6denekler olarak belirlendi.<\/p>\n\n\n\n<p>Dolmabah\u00e7e s\u0131rtlar\u0131nda yap\u0131m\u0131 devam eden i\u015f adam\u0131 Mustafa S\u00fczer&#8217;e ait G\u00f6kkafes in\u015faat\u0131n\u0131n, Bay\u0131nd\u0131rl\u0131k ve \u0130skan Bakanl\u0131\u011f\u0131 ile Turizm Bakanl\u0131\u011f\u0131\u2019nca 134 metreden 24.50 metreye indirilmesi karar\u0131n\u0131n ard\u0131ndan \u0130stanbul B\u00fcy\u00fck\u015fehir Belediye Meclisi de binay\u0131 m\u00fch\u00fcrleme karar\u0131 ald\u0131.<\/p>\n\n\n\n<p>Meclisin d\u00fcn ak\u015fam ge\u00e7 saatlere kadar s\u00fcren ve b\u00fcy\u00fck tart\u0131\u015fmalara sahne olan oturumunda G\u00f6kkafes Beyo\u011flu Belediyesi&#8217;nce m\u00fch\u00fcrlenmemesi halinde \u0130stanbul B\u00fcy\u00fck\u015fehir Belediye Ba\u015fkan\u0131 Nurettin S\u00f6zen taraf\u0131ndan m\u00fch\u00fcrlenebilecek. Karar ile Beyo\u011flu Belediyesi&#8217;nin 7 ay \u00f6nce verdi\u011fi ruhsat\u0131 uzatma i\u015flemi de iptal edilecek.<\/p>\n\n\n\n<p>Istanbul B\u00fcy\u00fck\u015fehir Belediye Meclisi&#8217;nde \u00fc\u00e7 y\u0131ld\u0131r tart\u0131\u015f\u0131lan, m\u00fch\u00fcrlenen, m\u00fch\u00fcr\u00fc iptal edilen, say\u0131s\u0131z davalara konu olan G\u00f6kkafes ile ilgili al\u0131nan bu son karara g\u00f6re Nurettin S\u00f6zen, Beyo\u011flu Belediye Ba\u015fkan\u0131 H\u00fcseyin Aslan&#8217;dan in\u015faat\u0131n m\u00fch\u00fcrlenmesini isteyecek. G\u00f6kkafes&#8217;i m\u00fch\u00fcrlemekten ka\u00e7\u0131nan H\u00fcseyin Aslan bu i\u015flemi yapmamas\u0131 halinde 3030 say\u0131l\u0131 yasan\u0131n uygulama y\u00f6netmeli\u011fine eklenen 10. maddesine g\u00f6re S\u00f6zen in\u015faat\u0131 m\u00fch\u00fcrleyecek.<\/p>\n\n\n\n<p>Yakla\u015f\u0131k iki saat s\u00fcren tart\u0131\u015fmal\u0131 meclis oturumunda G\u00f6kkafes ile ilgili raporu haz\u0131rlayan Meclis \u0130mar Komisyonu Ba\u015fkan\u0131 Engin \u00d6nbayraktar, projeye Beyo\u011flu Belediyesi&#8217;nce yasalara uygun olmayan bir \u015fekilde ruhsat uzatma karar\u0131 verildi\u011fini belirterek, karar\u0131n iptal edilmesini ve in\u015faat\u0131n 8 katla s\u0131n\u0131rland\u0131r\u0131lmas\u0131 ve karar\u0131n\u0131n uygulanabilmesi i\u00e7in G\u00f6kkafes&#8217;in m\u00fch\u00fcrlenmesi gerekti\u011fini s\u00f6yledi.<\/p>\n\n\n\n<p>Teklifin kabul edilmesinin ard\u0131ndan g\u00f6r\u00fc\u015ft\u00fc\u011f\u00fcm\u00fcz Beyo\u011flu Belediye Ba\u015fkan\u0131 H\u00fcseyin Aslan, in\u015faatla ilgili yasad\u0131\u015f\u0131 bir olay\u0131n s\u00f6z konusu olmad\u0131\u011f\u0131n\u0131 ve in\u015faat\u0131 meclis karar\u0131na kar\u015f\u0131n m\u00fch\u00fcrlemeyece\u011fini s\u00f6yledi. Aslan, &#8220;Madem S\u00f6zen&#8217;de m\u00fch\u00fcrleme yetkisi var, gitsin m\u00fch\u00fcrlesin. Bunu meclise getirmenin ne gere\u011fi var&#8221; \u015feklinde konu\u015ftu. Belediye Meclisi d\u00fcnk\u00fc toplant\u0131s\u0131nda ayr\u0131ca Meclis \u00fcyeleri ile Belediye Ba\u015fkan\u0131 Nurettin S\u00f6zen&#8217;in maa\u015f\u0131n\u0131n art\u0131r\u0131lmas\u0131na karar verdi. Karara g\u00f6re, milletvekili art\u0131 2.5 milyon olan maa\u015f\u0131 1 Ocak itibariyle milletvekili maa\u015f\u0131 art\u0131 10 milyon olarak belirlendi. Ocak ay\u0131nda milletvekili maa\u015flar\u0131n\u0131n da y\u00fczde 30 artmas\u0131yla S\u00f6zen&#8217;in \u015fu anda 30 milyon lira olan maa\u015f\u0131 45 milyon lira dolay\u0131nda olacak.<\/p>\n\n\n\n<figure class=\"wp-block-image size-large\"><img decoding=\"async\" src=\"https:\/\/lh3.googleusercontent.com\/pw\/AMWts8Bjp7Gn8QwAjBrH1QCSu9gZWnEmuQc2MPF4YiByfCqqFMRaZMVsJBIJ5Da4-f9J82-92nUQaPTBl0sPO024FQdnIELTQm3h_rKStDsaj-JNToyWOZuEW0nEVOeZf_GuP3sP8XvgKSAEEZ1Ly1GtZM7GWA=w633-h932-no?authuser=1\" alt=\"\" title=\"\"><figcaption><\/figcaption><\/figure>\n\n\n\n<p>11 Ocak 1993 Sayfa 1<\/p>\n","protected":false},"excerpt":{"rendered":"<p>\u0130stanbul B\u00fcy\u00fck\u015fehir Belediye Meclisi, G\u00f6kkafes in ruhsat uzatma i\u015flemini iptal etti. Meclis, in\u015faat\u0131n Beyo\u011flu Belediyesi&#8217;nce m\u00fch\u00fcrlenmemesi halinde S\u00f6zen&#8217;e m\u00fch\u00fcrleme yetkisi verdi. D\u00fcn ak\u015fam ge\u00e7 saatlere kadar s\u00fcren tart\u0131\u015fmal\u0131 meclis oturumunda m\u00fch\u00fcrleme i\u015fleminin \u00f6n\u00fcm\u00fczdeki hafta yap\u0131laca\u011f\u0131 belirtildi. Oturumda ayr\u0131ca Belediye Ba\u015fkan\u0131 Nurettin S\u00f6zen&#8217;in maa\u015f\u0131n\u0131n artt\u0131r\u0131lmas\u0131 kararla\u015ft\u0131r\u0131ld\u0131. \u0130stanbul B\u00fcy\u00fck\u015fehir Belediye Meclisi, G\u00f6kkafes in\u015faat\u0131n\u0131 m\u00fch\u00fcrleme yetkisini Nurettin S\u00f6zen&#8217;e verdi. Belediye Meclisi d\u00fcnk\u00fc toplant\u0131s\u0131nda ayr\u0131ca Belediye Ba\u015fkan\u0131 Nurettin S\u00f6zen&#8217;in maa\u015f\u0131n\u0131n artt\u0131r\u0131lmas\u0131n\u0131 kararla\u015ft\u0131rd\u0131. Karara g\u00f6re, S\u00f6zen&#8217;in maa\u015f\u0131, milletvekili maa\u015f\u0131 art\u0131 10 milyon art\u0131 \u00f6denekler olarak belirlendi. Dolmabah\u00e7e s\u0131rtlar\u0131nda yap\u0131m\u0131 devam eden i\u015f adam\u0131 Mustafa S\u00fczer&#8217;e ait G\u00f6kkafes in\u015faat\u0131n\u0131n, Bay\u0131nd\u0131rl\u0131k ve \u0130skan Bakanl\u0131\u011f\u0131 ile Turizm Bakanl\u0131\u011f\u0131\u2019nca<\/p>\n","protected":false},"author":1,"featured_media":65103,"comment_status":"closed","ping_status":"closed","sticky":false,"template":"","format":"standard","meta":{"footnotes":""},"categories":[1320],"tags":[1322],"class_list":["post-65566","post","type-post","status-publish","format-standard","has-post-thumbnail","hentry","category-remzi-gokdag-cumhuriyet-haber-arsivi-1993","tag-1322"],"_links":{"self":[{"href":"https:\/\/www.remgo.com\/11\/wp-json\/wp\/v2\/posts\/65566","targetHints":{"allow":["GET"]}}],"collection":[{"href":"https:\/\/www.remgo.com\/11\/wp-json\/wp\/v2\/posts"}],"about":[{"href":"https:\/\/www.remgo.com\/11\/wp-json\/wp\/v2\/types\/post"}],"author":[{"embeddable":true,"href":"https:\/\/www.remgo.com\/11\/wp-json\/wp\/v2\/users\/1"}],"replies":[{"embeddable":true,"href":"https:\/\/www.remgo.com\/11\/wp-json\/wp\/v2\/comments?post=65566"}],"version-history":[{"count":0,"href":"https:\/\/www.remgo.com\/11\/wp-json\/wp\/v2\/posts\/65566\/revisions"}],"wp:featuredmedia":[{"embeddable":true,"href":"https:\/\/www.remgo.com\/11\/wp-json\/wp\/v2\/media\/65103"}],"wp:attachment":[{"href":"https:\/\/www.remgo.com\/11\/wp-json\/wp\/v2\/media?parent=65566"}],"wp:term":[{"taxonomy":"category","embeddable":true,"href":"https:\/\/www.remgo.com\/11\/wp-json\/wp\/v2\/categories?post=65566"},{"taxonomy":"post_tag","embeddable":true,"href":"https:\/\/www.remgo.com\/11\/wp-json\/wp\/v2\/tags?post=65566"}],"curies":[{"name":"wp","href":"https:\/\/api.w.org\/{rel}","templated":true}]}}