{"id":65560,"date":"1993-01-05T13:27:00","date_gmt":"1993-01-05T10:27:00","guid":{"rendered":"https:\/\/www.remgo.com\/11\/?p=65560"},"modified":"2023-03-07T13:55:59","modified_gmt":"2023-03-07T10:55:59","slug":"allah-ozaldan-razi-olsun","status":"publish","type":"post","link":"https:\/\/www.remgo.com\/11\/allah-ozaldan-razi-olsun\/","title":{"rendered":"&#8216;Allah, \u00d6zal&#8217;dan raz\u0131 olsun"},"content":{"rendered":"\n<p><\/p>\n\n\n\n<p><strong>\u015eeriat\u00e7\u0131 Rab\u0131ta \u00f6rg\u00fct\u00fcn\u00fcn kurucu \u00fcyesi \u00d6zcan, iktidardayken \u00d6zal&#8217;\u0131n Araplar\u0131 T\u00fcrkiye&#8217;ye \u00e7ekmeye \u00e7al\u0131\u015ft\u0131\u011f\u0131n\u0131 s\u00f6yledi<\/strong><\/p>\n\n\n\n<p>Tek bir \u0130slam \u00e2lemi kurma yolunda maddi destek sa\u011flayan Rab\u0131ta adl\u0131 \u00f6rg\u00fct\u00fcn T\u00fcrkiye sorumlusu Salih \u00d6zcan, bas\u0131ndaki tepki nedeniyle Araplar\u0131n Sevda Tepesi&#8217;ne saray yapmaktan vazge\u00e7ti\u011fini belirtti. \u00d6rg\u00fct\u00fcn \u00e7e\u015fitli \u00fclkelerde 750 kadar g\u00f6revlisi bulundu\u011funu vurgulayan \u00d6zcan, Yalova&#8217;daki cami, Kuran kursu ve yurt gibi yat\u0131r\u0131mlar\u0131n Arap zenginlerinden toplanan paralarla yap\u0131ld\u0131\u011f\u0131n\u0131 s\u00f6yledi.<\/p>\n\n\n\n<p>Merkezi Suudi Arabistan&#8217;da bulunan ve amac\u0131 tek bir \u0130slam \u00e2lemi yaratmak olan Rab\u0131ta adli \u00f6rg\u00fct\u00fcn kurucu \u00fcyesi ve T\u00fcrkiye sorumlusu Salih \u00d6zcan, 1983 sonras\u0131 d\u00f6nemin Ba\u015fbakan\u0131 Turgut \u00d6zal&#8217;\u0131n Araplar\u0131 T\u00fcrkiye&#8217;ye \u00e7ekme konusunda fiilen \u00e7al\u0131\u015ft\u0131\u011f\u0131n\u0131 belirtti. \u00d6zcan, &#8220;Turgut \u00d6zal, bunlar\u0131 buraya \u00e7ekmek i\u00e7in \u00e7ok u\u011fra\u015ft\u0131. Allah ondan raz\u0131 olsun&#8221; dedi. \u00d6zcan, bas\u0131ndaki tepki nedeniyle Araplar\u0131n Sevda Tepesi&#8217;ne saray yapmaktan vazge\u00e7ti\u011fini s\u00f6yledi.<\/p>\n\n\n\n<p>\u00d6rg\u00fct\u00fcn \u00e7e\u015fitli \u00fclkelerde 750 kadar g\u00f6revlisi bulundu\u011funu, bu g\u00f6revlilerin \u0130slamiyeti yaymak amac\u0131yla faaliyet g\u00f6sterdi\u011fini belirten \u00d6zcan, Yalova&#8217;daki cami, Kuran kursu ve yurt gibi yat\u0131r\u0131mlar\u0131n Arap zenginlerinden toplanan paralarla yap\u0131ld\u0131\u011f\u0131n\u0131 s\u00f6yledi. \u0130ki ay \u00f6nce \u00f6len ve Yalova&#8217;daki baz\u0131 yat\u0131r\u0131mlar\u0131n arkas\u0131ndaki isim olan Muhammed Mahmut Es-Savvf in Rab\u0131ta&#8217;n\u0131n meclis \u00fcyesi olmas\u0131n\u0131n yan\u0131 s\u0131ra Arap d\u00fcnyas\u0131nda \u00f6nemli bir yeri oldu\u011funu belirten \u00d6zcan, &#8220;Araplar\u0131n Es-Savvaf&#8217;a b\u00fcy\u00fck sayg\u0131lar\u0131 var. Zek\u00e2tlar\u0131n\u0131 ona veriyorlar ve &#8216;gitti\u011fin yerde fakirlere, muhta\u00e7lara yard\u0131m et&#8217; diyorlar. Onunki \u015fahsi bir hareket. Rab\u0131ta ile ilgisi yok. Sadece zengin M\u00fcsl\u00fcmanlar ona para veriyorlar&#8221; diye konu\u015ftu.<\/p>\n\n\n\n<p>Rab\u0131ta&#8217;n\u0131n hayatta olan 4 kurucu \u00fcyesinden biri ve Faisal Finans Kurumu&#8217;nun murahhas \u00fcyesi olan Salih \u00d6zcan, \u00f6rg\u00fct\u00fcn T\u00fcrkiye&#8217;de ba\u015fta Ankara Kocatepe Camii olmak \u00fczere baz\u0131 camilerin yap\u0131m\u0131na katk\u0131lar\u0131 oldu\u011funu belirterek \u015funlar\u0131 s\u00f6yledi: &#8220;T\u00fcrkiye M\u00fcsl\u00fcman bir \u00fclke oldu\u011fu i\u00e7in burada fazla bir \u00e7al\u0131\u015fma yok. Daha \u00e7ok yurtd\u0131\u015f\u0131ndaki M\u00fcsl\u00fcmanlara y\u00f6nelik faaliyetlerimiz var. Yaln\u0131z Ankara\u2019daki Kocatepe Camii&#8217;nin yap\u0131m\u0131 s\u0131ras\u0131nda \u00f6rg\u00fct\u00fcn deste\u011fi oldu. O zaman\u0131n paras\u0131yla 2 milyon lira yard\u0131mda bulunuldu. Buradaki birka\u00e7 caminin yap\u0131m\u0131nda da yard\u0131mlar\u0131 bulundu. Rab\u0131ta, ald\u0131\u011f\u0131 yaz\u0131lar\u0131 Kral&#8217;a iletiyor. Kral da bu camilerin yap\u0131m\u0131na katk\u0131da bulunuyor.&#8221;<\/p>\n\n\n\n<p>Sevda Tepesi&#8217;nin Suudi Arabistan Veliaht Prensi&#8217;ne sat\u0131lmas\u0131 konusunda da a\u00e7\u0131klamalarda bulunan Salih \u00d6zcan, &#8220;Veliaht Prens, Turgut \u00d6zal&#8217;\u0131n davetlisi olarak \u0130stanbul&#8217;a geldi. \u0130stanbul\u2019u gezerken o tepeyi Bedrettin Dalan g\u00f6sterdi. Ben de vard\u0131m o gezide. Prens, be\u011fendi ve Dalan&#8217;\u0131n arac\u0131l\u0131\u011f\u0131yla o tepeyi sat\u0131n ald\u0131. Bas\u0131nda bu olay \u00e7\u0131k\u0131nca Prens buraya yapt\u0131raca\u011f\u0131 saray projesinden vazge\u00e7ti&#8221; dedi. \u00d6zcan, \u0130slami kurallar\u0131n \u015feriata g\u00f6re belirlenece\u011fini, her kural\u0131n Kuran&#8217;\u0131 Kerim&#8217;de bulundu\u011funu belirterek &#8220;Ancak \u015feriat zorla uygulanmaz. Osmanl\u0131 bin k\u00fcsur sene nas\u0131l uygulad\u0131ysa \u00f6yle uygulan\u0131r. Ayr\u0131ca, Rab\u0131ta, \u00fclkelerin i\u00e7i\u015flerine kar\u0131\u015fmaz. Siyasetle u\u011fra\u015fmaz&#8221; diye konu\u015ftu.<\/p>\n\n\n\n<h2 class=\"wp-block-heading\" id=\"h-30-yillik-orgut\">30 y\u0131ll\u0131k \u00f6rg\u00fct<\/h2>\n\n\n\n<p>Rab\u0131ta, M\u00fcsl\u00fcmanl\u0131\u011f\u0131 yaymak, tek bir \u0130slam \u00e2lemi yaratmak ve dini faaliyetlere maddi destek sa\u011flamak amac\u0131yla 1962 y\u0131l\u0131nda Mekke&#8217;de kuruldu. Suudi Arabistan Kral\u0131 Faysal&#8217;\u0131n ba\u015fkanl\u0131\u011f\u0131n\u0131 yapt\u0131\u011f\u0131 ilk toplant\u0131da, Arap milliyet\u00e7ili\u011fine ve sosyalizmin yay\u0131lmas\u0131na kar\u015f\u0131 bir bildiri yay\u0131mlad\u0131. \u0130lk toplant\u0131dan sonra \u00f6rg\u00fct\u00fcn 17 ki\u015fiden olu\u015fan kongresi topland\u0131, ilk ba\u015fkan\u0131 Suudi Arabistan Ba\u015f m\u00fcft\u00fcs\u00fc Muhammed \u0130brahim oldu. \u00d6rg\u00fct\u00fcn yan kurulu\u015fu olan ia\u015fe, yard\u0131ma ihtiyac\u0131 olan M\u00fcsl\u00fcman az\u0131nl\u0131klara maddi ve manevi yard\u0131mda bulunuyor. Rab\u0131ta\u2019n\u0131n b\u00fct\u00e7esini Suudi Arabistan h\u00fck\u00fcmeti kar\u015f\u0131l\u0131yor. Kral, her y\u0131l yakla\u015f\u0131k 100 milyon riyal yard\u0131mda bulunuyor. Yap\u0131lacak yard\u0131mlar, Kral&#8217;\u0131n onay\u0131ndan sonra kesinle\u015fiyor. Rab\u0131ta, idare heyeti ve \u00fcyelerden olu\u015fuyor. Halen 70 \u00fcye, d\u00fcnya \u00fczerinde \u0130slamiyeti yaymak amac\u0131yla \u00e7al\u0131\u015f\u0131yor. 37 ki\u015fiden olu\u015fan idare heyeti bulunuyor. \u00d6rg\u00fct\u00fc, Rab\u0131ta adl\u0131 bir de ayl\u0131k yay\u0131n organ\u0131 \u00e7\u0131kar\u0131yor. \u0130ngilizce, Frans\u0131zca ve Arap\u00e7a yay\u0131mlanan dergi Mekke&#8217;de bas\u0131l\u0131yor.<\/p>\n\n\n\n<figure class=\"wp-block-image size-large\"><img decoding=\"async\" src=\"https:\/\/lh3.googleusercontent.com\/pw\/AMWts8ALpWGDe69jwvO-ibC_SFcaTY1tnmiqVEzxiua0a32rSjerdBRQC6Qk0MylFaj9MdPWMw5yLZDKVyPqnI9OVe7_vU4OXLHTQ_RnWx-KNC9Mds6Xsh-0ITVOnsT2quAlxOYNm7RbEGUIsSRlNHl3FRB30g=w1173-h528-no?authuser=1\" alt=\"\" title=\"\"><figcaption><\/figcaption><\/figure>\n\n\n\n<p>5 Ocak 1993 Sayfa 4<\/p>\n","protected":false},"excerpt":{"rendered":"<p>\u015eeriat\u00e7\u0131 Rab\u0131ta \u00f6rg\u00fct\u00fcn\u00fcn kurucu \u00fcyesi \u00d6zcan, iktidardayken \u00d6zal&#8217;\u0131n Araplar\u0131 T\u00fcrkiye&#8217;ye \u00e7ekmeye \u00e7al\u0131\u015ft\u0131\u011f\u0131n\u0131 s\u00f6yledi Tek bir \u0130slam \u00e2lemi kurma yolunda maddi destek sa\u011flayan Rab\u0131ta adl\u0131 \u00f6rg\u00fct\u00fcn T\u00fcrkiye sorumlusu Salih \u00d6zcan, bas\u0131ndaki tepki nedeniyle Araplar\u0131n Sevda Tepesi&#8217;ne saray yapmaktan vazge\u00e7ti\u011fini belirtti. \u00d6rg\u00fct\u00fcn \u00e7e\u015fitli \u00fclkelerde 750 kadar g\u00f6revlisi bulundu\u011funu vurgulayan \u00d6zcan, Yalova&#8217;daki cami, Kuran kursu ve yurt gibi yat\u0131r\u0131mlar\u0131n Arap zenginlerinden toplanan paralarla yap\u0131ld\u0131\u011f\u0131n\u0131 s\u00f6yledi. Merkezi Suudi Arabistan&#8217;da bulunan ve amac\u0131 tek bir \u0130slam \u00e2lemi yaratmak olan Rab\u0131ta adli \u00f6rg\u00fct\u00fcn kurucu \u00fcyesi ve T\u00fcrkiye sorumlusu Salih \u00d6zcan, 1983 sonras\u0131 d\u00f6nemin Ba\u015fbakan\u0131 Turgut \u00d6zal&#8217;\u0131n Araplar\u0131 T\u00fcrkiye&#8217;ye \u00e7ekme konusunda fiilen \u00e7al\u0131\u015ft\u0131\u011f\u0131n\u0131 belirtti. \u00d6zcan, &#8220;Turgut \u00d6zal,<\/p>\n","protected":false},"author":1,"featured_media":65103,"comment_status":"closed","ping_status":"closed","sticky":false,"template":"","format":"standard","meta":{"footnotes":""},"categories":[1320],"tags":[1322],"class_list":["post-65560","post","type-post","status-publish","format-standard","has-post-thumbnail","hentry","category-remzi-gokdag-cumhuriyet-haber-arsivi-1993","tag-1322"],"_links":{"self":[{"href":"https:\/\/www.remgo.com\/11\/wp-json\/wp\/v2\/posts\/65560","targetHints":{"allow":["GET"]}}],"collection":[{"href":"https:\/\/www.remgo.com\/11\/wp-json\/wp\/v2\/posts"}],"about":[{"href":"https:\/\/www.remgo.com\/11\/wp-json\/wp\/v2\/types\/post"}],"author":[{"embeddable":true,"href":"https:\/\/www.remgo.com\/11\/wp-json\/wp\/v2\/users\/1"}],"replies":[{"embeddable":true,"href":"https:\/\/www.remgo.com\/11\/wp-json\/wp\/v2\/comments?post=65560"}],"version-history":[{"count":0,"href":"https:\/\/www.remgo.com\/11\/wp-json\/wp\/v2\/posts\/65560\/revisions"}],"wp:featuredmedia":[{"embeddable":true,"href":"https:\/\/www.remgo.com\/11\/wp-json\/wp\/v2\/media\/65103"}],"wp:attachment":[{"href":"https:\/\/www.remgo.com\/11\/wp-json\/wp\/v2\/media?parent=65560"}],"wp:term":[{"taxonomy":"category","embeddable":true,"href":"https:\/\/www.remgo.com\/11\/wp-json\/wp\/v2\/categories?post=65560"},{"taxonomy":"post_tag","embeddable":true,"href":"https:\/\/www.remgo.com\/11\/wp-json\/wp\/v2\/tags?post=65560"}],"curies":[{"name":"wp","href":"https:\/\/api.w.org\/{rel}","templated":true}]}}