{"id":65520,"date":"1991-11-28T12:59:00","date_gmt":"1991-11-28T09:59:00","guid":{"rendered":"https:\/\/www.remgo.com\/11\/?p=65520"},"modified":"2023-03-07T13:00:17","modified_gmt":"2023-03-07T10:00:17","slug":"bakan-park-hatasini-gordu","status":"publish","type":"post","link":"https:\/\/www.remgo.com\/11\/bakan-park-hatasini-gordu\/","title":{"rendered":"Bakan &#8216;Park&#8217; hatas\u0131n\u0131 g\u00f6rd\u00fc"},"content":{"rendered":"\n<p><\/p>\n\n\n\n<p><strong>Devlet Bakan\u0131 Erman \u015eahin Park Otel dosyas\u0131na el att\u0131.<\/strong><\/p>\n\n\n\n<p>\u0130stanbul, G\u00fcm\u00fc\u015fsuyu&#8217;nda yap\u0131lan S\u00fcrmeli Park Oteli&#8217;ne tepkiler b\u00fcy\u00fcyor. \u0130stanbul B\u00fcy\u00fck\u015fehir Belediyesi ve SHP \u0130l \u00d6rg\u00fct\u00fc&#8217;nden sonra \u015fehirle\u015fmeden sorumlu Devlet Bakan\u0131 \u015eahin de otel in\u015faat\u0131n\u0131 &#8216;kent ad\u0131na i\u015flenmi\u015f bir hata&#8217; olarak de\u011ferlendirdi. Bakan, herkesi duyarl\u0131 olmaya \u00e7a\u011f\u0131rd\u0131.<\/p>\n\n\n\n<p>G\u00fcm\u00fc\u015fsuyu&#8217;nda yap\u0131lmakta olan B\u00fcy\u00fck S\u00fcrmeli Park Otel&#8217;inin durdurulmas\u0131 amac\u0131yla yap\u0131lacak \u00e7al\u0131\u015fmalar d\u00fcn \u0130stanbul ve Ankara&#8217;da g\u00f6r\u00fc\u015f\u00fcld\u00fc. \u015eehircilikten sorumlu Devlet Bakan\u0131 Erman \u015eahin, otel in\u015faat\u0131n\u0131 &#8220;kent ad\u0131na i\u015flenmi\u015f bir hata&#8221; olarak nitelendirdi. \u015eahin, bakanl\u0131k olarak konuyla ilgili geli\u015fmelerin izlendi\u011fini ve yap\u0131labilecekler hakk\u0131nda ilgili ki\u015filerin \u00e7al\u0131\u015fmaya ba\u015flayaca\u011f\u0131n\u0131 s\u00f6yledi. \u0130stanbul B\u00fcy\u00fck\u015fehir Belediye Ba\u015fkan\u0131 Nurettin S\u00f6zen de imar\u0131 ve hukuki y\u00f6nden konunun incelenmesi i\u00e7in bir kurul olu\u015fturdu ve kurulu acil olarak toplant\u0131ya \u00e7a\u011f\u0131rd\u0131. S\u00f6zen &#8220;\u0130n\u015faat bizi tedirgin ediyor. Durdurulmas\u0131 yolunda ne yap\u0131labilir, arat\u0131yorum&#8221; dedi.<\/p>\n\n\n\n<p>G\u00fcm\u00fc\u015fsuyu&#8217;nda oturan semt sakinlerinin ve Mimarlar Odas\u0131 \u0130stanbul \u015eubesi&#8217;nin Park Otel&#8217;in durdurulmas\u0131 i\u00e7in s\u00fcrd\u00fcrd\u00fckleri kampanya h\u0131zla b\u00fcy\u00fcyor. \u0130stanbul B\u00fcy\u00fck\u015fehir Belediyesi ve SHP \u0130stanbul \u0130l \u00d6rg\u00fct\u00fc&#8217;nden sonra Park Otel dosyas\u0131na \u015fehirle\u015fmeden sorumlu devlet bakanl\u0131\u011f\u0131 da el att\u0131. Devlet Bakan\u0131 Erman \u015eahin, konuyla ilgili olarak \u0130stanbul&#8217;dan gelen \u015fik\u00e2yetleri de\u011ferlendireceklerini, ayr\u0131nt\u0131l\u0131 bilgi vermek i\u00e7in erken oldu\u011funu belirtti. Bu t\u00fcr konulara bas\u0131n sinin \u015fehircilik a\u00e7\u0131s\u0131ndan sevindirici ol ve kamuoyunun an\u0131nda tepki g\u00f6stermedi\u011fini ifade eden \u015eahin \u015funlar\u0131 s\u00f6yledi:<\/p>\n\n\n\n<p>&#8220;\u015eehircilikten sorumlu Devlet Bakan\u0131 olarak, ayn\u0131 zamanda eski bir belediyeci olarak \u0130stanbul kenti a\u00e7\u0131s\u0131ndan yap\u0131lan yanl\u0131\u015f giri\u015fimlere engel olaca\u011f\u0131m\u0131za bildirmek istiyorum. Bu konuda herkesin duyarl\u0131 olmas\u0131 gerekti\u011fine inan\u0131yorum. B\u00f6ylesine bir yap\u0131ya kimin d\u00f6neminde nas\u0131l ruhsat verilir, ara\u015ft\u0131raca\u011f\u0131m. Bakanl\u0131k b\u00fcnyesinde bir kurulun olu\u015fturulup bilgilendikten sonra ayr\u0131nt\u0131lar\u0131yla konu\u015fabilirim. \u00c7\u00fcnk\u00fc burada kazan\u0131lm\u0131\u015f bir hak s\u00f6z konusu. Hukuki y\u00f6nden bakanl\u0131klarla da koordinasyonun konunun incelenmesi gerekiyor. \u0130stanbul halk\u0131na, konuya kar\u015f\u0131 duyarl\u0131 oldu\u011fumuzu bildirmek isterim. Konuyla ilgili ara\u015ft\u0131rma yapt\u0131ktan sonra gereken karan alaca\u011f\u0131m\u0131zdan kimsenin \u015f\u00fcphesi olmas\u0131n.&#8221;<\/p>\n\n\n\n<p>Park Otel dosyas\u0131n\u0131n incelenmesi amac\u0131yla SHP \u0130stanbul \u0130l \u00d6rg\u00fct\u00fc&#8217;nden sonra B\u00fcy\u00fck\u015fehir Belediyesi&#8217;nde de bir kurul olu\u015fturuldu. D\u00fcn sabah saatlerinde B\u00fcy\u00fck\u015fehir Belediye Ba\u015fkan\u0131 Nurettin S\u00f6zen ba\u015fkanl\u0131\u011f\u0131nda toplanan kurul. \u0130n\u015faat\u0131n durdurulabilmesi i\u00e7in yap\u0131labilecek \u00e7al\u0131\u015fmalar\u0131 g\u00f6zden ge\u00e7irdi. Belediyenin hukuk ve imarla yetkili dan\u0131\u015fmanlardan olu\u015fan kurulun toplant\u0131s\u0131ndan sonra sorular\u0131m\u0131z\u0131 yan\u0131tlayan Nurettin S\u00f6zen \u015funlar\u0131 dedi: &#8220;Olaya ba\u015f\u0131ndan beri kar\u015f\u0131 oldu\u011fumuz kamuoyunca biliniyor. Bu ve bu t\u00fcr yap\u0131lara kar\u015f\u0131 verdi\u011fimiz m\u00fccadeleyi s\u00fcrd\u00fcr\u00fcyoruz, s\u00fcrd\u00fcrmeye devam edece\u011fiz. \u0130n\u015faat durdurulabilir mi? Durdurulursa ne kadar tazminat \u00f6denir? B\u00fct\u00fcn bu konular\u0131 dan\u0131\u015fmanlar\u0131mla yapt\u0131\u011f\u0131m toplant\u0131da g\u00f6r\u00fc\u015ft\u00fcm. \u0130lgili b\u00fct\u00fcn ki\u015filer konuyu ara\u015ft\u0131r\u0131yor. Ara\u015ft\u0131rma sonu\u00e7lar\u0131na g\u00f6re hareket edece\u011fiz.&#8221;<\/p>\n\n\n\n<p>SHP II Ba\u015fkan\u0131 Bozkurt Nuho\u011flu, Park Otel&#8217;le ilgili ara\u015ft\u0131rma komisyonu bug\u00fcn toplant\u0131ya \u00e7a\u011f\u0131rd\u0131. Mimarlar Odas\u0131 Ba\u015fkan\u0131 Y\u00fccel G\u00fcrsel, B\u00fcy\u00fck\u015fehir Belediyesi \u0130mar Daire Ba\u015fkan\u0131 Mehmet Y\u0131ld\u0131z, \u0130l \u00c7evre Komisyonu Ba\u015fkan\u0131 Nazan Asberker, B\u00fcy\u00fck\u015fehir Belediye Meclisi \u00c7evre Komisyonu Ba\u015fkan\u0131 Nusret Avc\u0131 ve Avukat Enver Nalbant veil y\u00f6netim kurulu \u00fcyelerinden olu\u015fan komisyonun Park Otel in\u015faat\u0131n\u0131n durdurulmas\u0131 yolunda bir karar alaca\u011f\u0131 belirtiliyor.<\/p>\n\n\n\n<figure class=\"wp-block-image size-large\"><img decoding=\"async\" src=\"https:\/\/lh3.googleusercontent.com\/pw\/AMWts8DGnXOGieAFhm53hiTz0ANJ8kWEG-FE0tmLBvq0DNWOz_TCzIps_b92Ry98SQ3WgmM3T9pRNNsP33sqyLhnQqCAiQtJlLqpc2Bjkckzckyv0n8seeasXDSJKDFE7VWYTPoHKFEdrzr_6sFkciRpTUijvA=w1003-h554-no?authuser=1\" alt=\"\" title=\"\"><figcaption><\/figcaption><\/figure>\n\n\n\n<p>28 Kas\u0131m 1991 Sayfa 1<\/p>\n","protected":false},"excerpt":{"rendered":"<p>Devlet Bakan\u0131 Erman \u015eahin Park Otel dosyas\u0131na el att\u0131. \u0130stanbul, G\u00fcm\u00fc\u015fsuyu&#8217;nda yap\u0131lan S\u00fcrmeli Park Oteli&#8217;ne tepkiler b\u00fcy\u00fcyor. \u0130stanbul B\u00fcy\u00fck\u015fehir Belediyesi ve SHP \u0130l \u00d6rg\u00fct\u00fc&#8217;nden sonra \u015fehirle\u015fmeden sorumlu Devlet Bakan\u0131 \u015eahin de otel in\u015faat\u0131n\u0131 &#8216;kent ad\u0131na i\u015flenmi\u015f bir hata&#8217; olarak de\u011ferlendirdi. Bakan, herkesi duyarl\u0131 olmaya \u00e7a\u011f\u0131rd\u0131. G\u00fcm\u00fc\u015fsuyu&#8217;nda yap\u0131lmakta olan B\u00fcy\u00fck S\u00fcrmeli Park Otel&#8217;inin durdurulmas\u0131 amac\u0131yla yap\u0131lacak \u00e7al\u0131\u015fmalar d\u00fcn \u0130stanbul ve Ankara&#8217;da g\u00f6r\u00fc\u015f\u00fcld\u00fc. \u015eehircilikten sorumlu Devlet Bakan\u0131 Erman \u015eahin, otel in\u015faat\u0131n\u0131 &#8220;kent ad\u0131na i\u015flenmi\u015f bir hata&#8221; olarak nitelendirdi. \u015eahin, bakanl\u0131k olarak konuyla ilgili geli\u015fmelerin izlendi\u011fini ve yap\u0131labilecekler hakk\u0131nda ilgili ki\u015filerin \u00e7al\u0131\u015fmaya ba\u015flayaca\u011f\u0131n\u0131 s\u00f6yledi. \u0130stanbul B\u00fcy\u00fck\u015fehir Belediye Ba\u015fkan\u0131 Nurettin S\u00f6zen de imar\u0131 ve<\/p>\n","protected":false},"author":1,"featured_media":65103,"comment_status":"closed","ping_status":"closed","sticky":false,"template":"","format":"standard","meta":{"footnotes":""},"categories":[1318],"tags":[1321],"class_list":["post-65520","post","type-post","status-publish","format-standard","has-post-thumbnail","hentry","category-remzi-gokdag-cumhuriyet-haber-arsivi-1991","tag-1321"],"_links":{"self":[{"href":"https:\/\/www.remgo.com\/11\/wp-json\/wp\/v2\/posts\/65520","targetHints":{"allow":["GET"]}}],"collection":[{"href":"https:\/\/www.remgo.com\/11\/wp-json\/wp\/v2\/posts"}],"about":[{"href":"https:\/\/www.remgo.com\/11\/wp-json\/wp\/v2\/types\/post"}],"author":[{"embeddable":true,"href":"https:\/\/www.remgo.com\/11\/wp-json\/wp\/v2\/users\/1"}],"replies":[{"embeddable":true,"href":"https:\/\/www.remgo.com\/11\/wp-json\/wp\/v2\/comments?post=65520"}],"version-history":[{"count":0,"href":"https:\/\/www.remgo.com\/11\/wp-json\/wp\/v2\/posts\/65520\/revisions"}],"wp:featuredmedia":[{"embeddable":true,"href":"https:\/\/www.remgo.com\/11\/wp-json\/wp\/v2\/media\/65103"}],"wp:attachment":[{"href":"https:\/\/www.remgo.com\/11\/wp-json\/wp\/v2\/media?parent=65520"}],"wp:term":[{"taxonomy":"category","embeddable":true,"href":"https:\/\/www.remgo.com\/11\/wp-json\/wp\/v2\/categories?post=65520"},{"taxonomy":"post_tag","embeddable":true,"href":"https:\/\/www.remgo.com\/11\/wp-json\/wp\/v2\/tags?post=65520"}],"curies":[{"name":"wp","href":"https:\/\/api.w.org\/{rel}","templated":true}]}}