{"id":62141,"date":"1992-11-26T14:23:00","date_gmt":"1992-11-26T11:23:00","guid":{"rendered":"https:\/\/www.remgo.com\/11\/?p=62141"},"modified":"2021-05-06T16:27:50","modified_gmt":"2021-05-06T13:27:50","slug":"park-otel-olayi-bir-kent-sucunun-belgesel-oykusu","status":"publish","type":"post","link":"https:\/\/www.remgo.com\/11\/park-otel-olayi-bir-kent-sucunun-belgesel-oykusu\/","title":{"rendered":"Park Otel Olay\u0131: Bir &#8216;Kent Su\u00e7u&#8217;nun belgesel \u00f6yk\u00fcs\u00fc"},"content":{"rendered":"\n<h4 class=\"has-black-color has-luminous-vivid-amber-background-color has-text-color has-background wp-block-heading\" id=\"cumhuriyet-kitap-ekinin-144-sayisinda-1992-kitapla-ilgili-yayinlanan-haber\">Cumhuriyet Kitap Eki\u2019nin 144. say\u0131s\u0131nda (26 Kas\u0131m 1992) yay\u0131nlanan bu yaz\u0131, Park Otel m\u00fccadelesini birlikte y\u00fcr\u00fctt\u00fc\u011f\u00fcm\u00fcz, d\u00f6nemin Mimarlar Odas\u0131 \u0130stanbul \u015eube Ba\u015fkan\u0131 Oktay Ekinci taraf\u0131ndan yaz\u0131ld\u0131&#8230;<\/h4>\n\n\n\n<blockquote class=\"wp-block-quote is-layout-flow wp-block-quote-is-layout-flow\"><p><strong>Park Otel kitab\u0131, salt \u00e7irkin bir yap\u0131n\u0131n de\u011fil, uygarla\u015fma yolunda T\u00fcrkiye\u2019nin nerelerde oldu\u011funu g\u00f6stermesi bak\u0131m\u0131ndan da t\u00fcm \u00e7evre ve demokrasi dostlar\u0131n\u0131n edinmesi gereken bir \u00e7al\u0131\u015fma.<\/strong><\/p><cite>OKTAY EK\u0130NC\u0130<\/cite><\/blockquote>\n\n\n\n<p>Son y\u0131llarda, \u00f6zellikle uygunsuz ve spek\u00fclatif yap\u0131la\u015fman\u0131n yayg\u0131nla\u015fmas\u0131yla birlikte, ya\u015fad\u0131klar\u0131 ortam\u0131n do\u011fal ve k\u00fclt\u00fcrel de\u011ferlerine sahip \u00e7\u0131kan duyarl\u0131 \u00e7evrelerin g\u00fcndeme getirdikleri yeni bir hukuk kavram\u0131 var:&nbsp;<strong>\u201cKente Kar\u015f\u0131 Su\u00e7.\u201d<\/strong><\/p>\n\n\n\n<p>Asl\u0131nda baz\u0131 Bat\u0131 toplumlar\u0131nda ve \u00f6zellikle kentle\u015fme s\u00fcre\u00e7lerini tamamlam\u0131\u015f,&nbsp;<em>\u201ckent k\u00fclt\u00fcr\u00fc\u201d<\/em>&nbsp;dedi\u011fimiz, insana ve \u00e7evreye sayg\u0131y\u0131 uygarla\u015fman\u0131n olmazsa olmaz ko\u015fulu olarak g\u00f6rmeye ba\u015flayan toplumlarda b\u00f6yle bir su\u00e7 kavram\u0131 hukuk d\u00fczenlerinde \u00e7oktan yerini alm\u0131\u015f durumda.<\/p>\n\n\n\n<p>\u00d6rne\u011fin Fransa\u2019da 1977\u2019de y\u00fcr\u00fcrl\u00fc\u011fe giren, mimarl\u0131\u011f\u0131n yetki ve sorumluluklar\u0131n\u0131 belirleyen meslek yasas\u0131nda&nbsp;<em>\u201cmimarl\u0131k k\u00fclt\u00fcr\u00fcn bir ifadesidir\u201d<\/em>&nbsp;\u015feklindeki temel saptama daha ilk ba\u015ftan yap\u0131l\u0131yor ve hemen ard\u0131ndan bu k\u00fclt\u00fcrel eylemin&nbsp;<em>\u201ckente kar\u015f\u0131 su\u00e7 te\u015fkil etmeyecek \u015fekilde\u201d<\/em>&nbsp;nas\u0131l ger\u00e7ekle\u015febilece\u011fi ise \u015f\u00f6yle belirleniyor:<\/p>\n\n\n\n<p><em>\u201cKentsel, do\u011fal ve tarihsel \u00e7evreye sayg\u0131 kamu yarar\u0131nad\u0131r. \u0130mar Plan\u0131 ve in\u015faat izni veren yetkililer, bu sayg\u0131y\u0131 garanti ederler.\u201d<\/em><\/p>\n\n\n\n<p>Zagreb, Amsterdam gibi k\u00fclt\u00fcrel kimli\u011fin korunmas\u0131nda k\u00f6kle\u015fmi\u015f geleneklere sahip kimi kentlerde de, bu kimli\u011fin zedelenmesine yol a\u00e7abilecek&nbsp;<strong>\u201csu\u00e7lar\u0131n\u201d<\/strong>, daha&nbsp;<strong>\u201cniyetlenme\u201d<\/strong>&nbsp;a\u015famas\u0131ndayken engellenmesi, imar hukuklar\u0131n\u0131n temelini olu\u015fturuyor.&nbsp;<strong>Dr. Turgut Cansever<\/strong>\u2019in&nbsp;<em>\u201cOsmanl\u0131 kent d\u00fczenindeki ahlak anlay\u0131\u015f\u0131n\u0131n Bat\u0131\u2019 da yasalara ge\u00e7mi\u015f \u015fekli\u201d<\/em>&nbsp;olarak de\u011ferlendirdi\u011fi&nbsp;<strong>Zagreb imar y\u00f6netmeli\u011finde<\/strong>, \u015fu&nbsp;<strong>\u201c\u00f6nko\u015ful\u201d<\/strong>&nbsp;yer al\u0131yor:<\/p>\n\n\n\n<h4 class=\"has-black-color has-text-color has-background wp-block-heading\" id=\"remzi-gokdag-in-park-otel-olayi-tutarli-bir-gazetecilik-anlayisinin-urunu\" style=\"background-color:#e7e7e7\">&#8220;Remzi G\u00f6kda\u011f \u0131n \u201c<a href=\"https:\/\/www.remgo.com\/11\/park-otel-olayi\/\">Park Otel Olay\u0131<\/a>\u201d tutarl\u0131 bir gazetecilik anlay\u0131\u015f\u0131n\u0131n \u00fcr\u00fcn\u00fc.&#8221;<\/h4>\n\n\n\n<p><strong>\u201cBu kentte yeni bina yapmak yasakt\u0131r. Ancak, kim yeni bir binaya gereksinim duyuyorsa, bunu ancak kenti daha da g\u00fczelle\u015ftirece\u011fini kan\u0131tlayarak yapabilir\u2026\u201d<\/strong><\/p>\n\n\n\n<p>Kente kar\u015f\u0131 su\u00e7 kavram\u0131, i\u015fte b\u00f6ylesine\u00a0<strong>\u201cd\u00fczeyli\u201d<\/strong>\u00a0bir imar d\u00fczeni i\u00e7in ve \u00f6ncelikle kamu yarar\u0131n\u0131, insana ve \u00e7evreye sayg\u0131y\u0131 ve demokrasiyi esas alan bir kentle\u015fme s\u00fcreci i\u00e7in, \u00fclkemiz a\u00e7\u0131s\u0131ndan eksikli\u011fi her ge\u00e7en g\u00fcn daha \u00e7ok hissedilen bir kavram. O kadar ki, g\u00fcn\u00fcm\u00fczdeki bir\u00e7ok\u00a0<em>\u201cyasal\u201d<\/em>\u00a0uygulamalar bile yaratt\u0131klar\u0131 kentsel sorunlar ve insan onuruna yak\u0131\u015fmayan ya\u015fam \u00e7evrelerine neden olarak etkileriyle, ger\u00e7ekten kente kar\u015f\u0131 i\u015flenen birer su\u00e7 \u00fcr\u00fcn\u00fc olarak y\u00fckseliyorlar. Ve elbette bu\u00a0<em>\u201ccezas\u0131 olmayan\u201d<\/em>\u00a0a\u011f\u0131r su\u00e7un alt\u0131nda ezilen ise salt kent de\u011fil, t\u00fcm kent halk\u0131 oluyor\u2026<\/p>\n\n\n\n<p>\u0130\u015fte, \u0130stanbul\u2019daki&nbsp;<strong>Park Otel<\/strong>, bu yeni su\u00e7 kavram\u0131n\u0131n ne denli \u00f6nemli oldu\u011funu g\u00f6steren; hemen t\u00fcm \u00f6zellikleriyle kente ve topluma kar\u015f\u0131&nbsp;<strong>\u201cimar yoluyla i\u015flenen\u201d<\/strong>&nbsp;su\u00e7lar\u0131n kimi zaman o kent ve o toplum i\u00e7in ne denli onar\u0131lmaz yaralara yol a\u00e7abilece\u011fini kan\u0131tlayan; \u00fcstelik de&nbsp;<strong>\u201c\u00f6nceden planlanarak\u201d<\/strong>&nbsp;<em>(taamm\u00fcden)<\/em>&nbsp;ger\u00e7ekle\u015ftirilen bir&nbsp;<strong>\u201ckentsel cinayet\u201d<\/strong>&nbsp;olarak tarihe ge\u00e7iyor.<\/p>\n\n\n\n<p>Ve yine&nbsp;<strong>Park Otel<\/strong>, di\u011fer t\u00fcm kentsel cinayetlerde oldu\u011fu gibi, cezas\u0131n\u0131&nbsp;<em>\u201csu\u00e7u i\u015fleyenin\u201d<\/em>&nbsp;de\u011fil, toplumun ve kentin \u00e7ekti\u011fi;&nbsp;<strong>\u201cgiderilmesi olanaks\u0131z\u201d<\/strong>&nbsp;zararlar\u0131yla \u0130stanbul\u2019un \u00fczerine bir karabasan gibi \u00e7\u00f6ken; karanl\u0131k bir d\u00f6nemin&nbsp;<em>\u201cg\u00f6z\u00fc kara\u201d<\/em>&nbsp;yat\u0131r\u0131m\u0131 olarak Bo\u011fazi\u00e7i sil\u00fcetinde yerini al\u0131yor.<\/p>\n\n\n\n<p>Binan\u0131n tart\u0131\u015f\u0131lmaya ba\u015flanmas\u0131 ile birlikte, b\u00f6ylesi bir su\u00e7a kar\u015f\u0131 kamuoyu duyarl\u0131l\u0131\u011f\u0131n\u0131n y\u00fckseltilmesinde ve geli\u015fmeleri hemen t\u00fcm y\u00f6nleriyle halka duyurma konusuna, hi\u00e7 ku\u015fkusuz Cumhuriyet gazetesinin ve gazetenin \u00e7al\u0131\u015fkan muhabirlerinden&nbsp;<strong>Remzi G\u00f6kda\u011f<\/strong>\u2019\u0131n \u00e7ok b\u00fcy\u00fck katk\u0131lar\u0131 oldu.<\/p>\n\n\n\n<p>Park Otel, bas\u0131nda son \u00fc\u00e7 y\u0131l i\u00e7inde yay\u0131mlanan&nbsp;<strong>\u201ckentle\u015fme haberleri\u201d<\/strong>&nbsp;aras\u0131nda ilk s\u0131ray\u0131&nbsp;<em>\u201ct\u00fcm \u00e7irkinli\u011fiyle\u201d<\/em>&nbsp;al\u0131rken, Cumhuriyet gazetesindeki Remzi G\u00f6kda\u011f imzas\u0131, bu sava\u015f\u0131m\u0131n&nbsp;<strong>\u201ckamuoyu deste\u011fi<\/strong>\u201d cephesinde kente, \u00e7evreye, demokrasiye ve hukukun \u00fcst\u00fcnl\u00fc\u011f\u00fcne sahip \u00e7\u0131kman\u0131n&nbsp;<strong>\u201csimgesi\u201d<\/strong>&nbsp;haline geldi. Ve zaman i\u00e7erisinde yine Remzi G\u00f6kda\u011f ismi, Park Otel\u2019e kar\u015f\u0131 s\u00fcrd\u00fcr\u00fclen&nbsp;<strong>\u201csivil-demokratik sava\u015f\u0131m\u0131n\u201d<\/strong>&nbsp;ortak bir sesi, dayan\u0131\u015fma oda\u011f\u0131 ve&nbsp;<strong>\u201cduyarl\u0131 gazetecili\u011fin\u201d<\/strong>&nbsp;toplumla b\u00fct\u00fcnle\u015fen \u00e7a\u011fda\u015f bir \u00f6rne\u011fi olarak, ar\u015fivlerde saklanan haber k\u00fcp\u00fcrlerinde yerini ald\u0131. Remzi G\u00f6kda\u011f\u2019\u0131n Cumhuriyet gazetesinde yay\u0131mlanan Park Otel\u2019le ilgili say\u0131s\u0131z yaz\u0131 ve haberlerinin birikimiyle yarat\u0131lan <a href=\"https:\/\/www.remgo.com\/11\/park-otel-olayi\/\">kitap<\/a> ise, bu tarihsel&nbsp;<strong>\u201ckamu hizmetinin\u201d<\/strong>&nbsp;t\u00fcm toplumsal kazan\u0131mlar\u0131n\u0131, k\u00fcp\u00fcr ar\u015fivlerinden kurtar\u0131p k\u00fct\u00fcphanelerimize getiriyor.<\/p>\n\n\n\n<p>Kitapta, \u00f6ncelikle tarih s\u0131ras\u0131na g\u00f6re yer alan geli\u015fmeler ve \u00e7ok \u00f6nemli bilgiler, \u0130stanbul\u2019da&nbsp;<strong>\u201ckente kar\u015f\u0131 i\u015flenen su\u00e7lar\u0131n\u201d<\/strong>&nbsp;en amans\u0131zlar\u0131ndan birinde, su\u00e7u i\u015fleyenlerin bu cesaretlerini nereden ve kimlerden bulduklar\u0131, \u00e7\u0131karlar\u0131 u\u011fruna hukuku ve demokrasiyi nas\u0131l ayaklar alt\u0131na ald\u0131klar\u0131 ve&nbsp;<strong>\u201cyetkili resmi ki\u015fi ve kuramlar\u0131n\u201d<\/strong>&nbsp;da bu su\u00e7a nas\u0131l \u00f6nayak olup, ye\u015fil \u0131\u015f\u0131k yakabildikleri gelece\u011fe d\u00f6n\u00fck \u00e7ok \u00f6nemli kaynak belgeler olarak yer al\u0131yor.<\/p>\n\n\n\n<p><a href=\"https:\/\/www.remgo.com\/11\/park-otel-olayi\/\">Park Otel Olay\u0131<\/a>, salt \u00e7irkin bir yap\u0131n\u0131n de\u011fil, uygarla\u015fma yolunda T\u00fcrkiye\u2019nin nerelerde oldu\u011funu g\u00f6stermesi bak\u0131m\u0131ndan da t\u00fcm \u00e7evre ve demokrasi dostlar\u0131n\u0131n edinmesi gereken bir \u00e7al\u0131\u015fma.<\/p>\n\n\n\n<p>\u00dcstelik, ayn\u0131 anda, dur durak bilmeyen bir sava\u015f\u0131m\u0131n, titiz ve duyarl\u0131 bir gazetecilik g\u00f6revinin \u00fcr\u00fcn\u00fc\u2026<\/p>\n\n\n\n<h5 class=\"wp-block-heading\" id=\"park-otel-olayi-remzi-gokdag-anahtar-kitaplar-kasim-1992-64-s\"><a href=\"https:\/\/www.remgo.com\/11\/park-otel-olayi\/\">Park Otel \u201cOlay\u0131\u201c \/ Remzi G\u00f6kda\u011f \/ Anahtar Kitaplar \/Kas\u0131m 1992 \/64 s.<\/a><\/h5>\n\n\n\n<div class=\"wp-block-image\"><figure class=\"aligncenter size-large\"><a href=\"https:\/\/www.remgo.com\/11\/wp-content\/uploads\/2021\/05\/Park_Otel_Olayi_Cumhuriyet_Kitap.jpg\"><img loading=\"lazy\" decoding=\"async\" width=\"900\" height=\"1088\" src=\"https:\/\/www.remgo.com\/11\/wp-content\/uploads\/2021\/05\/Park_Otel_Olayi_Cumhuriyet_Kitap.jpg\" alt=\"\" class=\"wp-image-62121\" title=\"\" srcset=\"https:\/\/www.remgo.com\/11\/wp-content\/uploads\/2021\/05\/Park_Otel_Olayi_Cumhuriyet_Kitap.jpg 900w, https:\/\/www.remgo.com\/11\/wp-content\/uploads\/2021\/05\/Park_Otel_Olayi_Cumhuriyet_Kitap-800x967.jpg 800w, https:\/\/www.remgo.com\/11\/wp-content\/uploads\/2021\/05\/Park_Otel_Olayi_Cumhuriyet_Kitap-60x73.jpg 60w\" sizes=\"auto, (max-width: 900px) 100vw, 900px\" \/><\/a><figcaption><strong>26 KASIM 1992 &#8211; CUMHUR\u0130YET K\u0130TAP SAYI 144 SAYFA 7<\/strong><\/figcaption><\/figure><\/div>\n","protected":false},"excerpt":{"rendered":"<p>Cumhuriyet Kitap Eki\u2019nin 144. say\u0131s\u0131nda (1992) kitapla ilgili yay\u0131nlanan a\u015fa\u011f\u0131daki yaz\u0131, Park Otel m\u00fccadelesini birlikte y\u00fcr\u00fctt\u00fc\u011f\u00fcm\u00fcz, d\u00f6nemin Mimarlar Odas\u0131 \u0130stanbul \u015eube Ba\u015fkan\u0131 Oktay Ekinci taraf\u0131ndan yaz\u0131ld\u0131&#8230;<\/p>\n","protected":false},"author":1,"featured_media":62142,"comment_status":"closed","ping_status":"closed","sticky":false,"template":"","format":"standard","meta":{"footnotes":""},"categories":[7],"tags":[711,660,710],"class_list":["post-62141","post","type-post","status-publish","format-standard","has-post-thumbnail","hentry","category-notlar","tag-oktay-ekinci","tag-park-otel-olayi","tag-remzi-gokdag-2"],"_links":{"self":[{"href":"https:\/\/www.remgo.com\/11\/wp-json\/wp\/v2\/posts\/62141","targetHints":{"allow":["GET"]}}],"collection":[{"href":"https:\/\/www.remgo.com\/11\/wp-json\/wp\/v2\/posts"}],"about":[{"href":"https:\/\/www.remgo.com\/11\/wp-json\/wp\/v2\/types\/post"}],"author":[{"embeddable":true,"href":"https:\/\/www.remgo.com\/11\/wp-json\/wp\/v2\/users\/1"}],"replies":[{"embeddable":true,"href":"https:\/\/www.remgo.com\/11\/wp-json\/wp\/v2\/comments?post=62141"}],"version-history":[{"count":0,"href":"https:\/\/www.remgo.com\/11\/wp-json\/wp\/v2\/posts\/62141\/revisions"}],"wp:featuredmedia":[{"embeddable":true,"href":"https:\/\/www.remgo.com\/11\/wp-json\/wp\/v2\/media\/62142"}],"wp:attachment":[{"href":"https:\/\/www.remgo.com\/11\/wp-json\/wp\/v2\/media?parent=62141"}],"wp:term":[{"taxonomy":"category","embeddable":true,"href":"https:\/\/www.remgo.com\/11\/wp-json\/wp\/v2\/categories?post=62141"},{"taxonomy":"post_tag","embeddable":true,"href":"https:\/\/www.remgo.com\/11\/wp-json\/wp\/v2\/tags?post=62141"}],"curies":[{"name":"wp","href":"https:\/\/api.w.org\/{rel}","templated":true}]}}