{"id":58335,"date":"2019-10-03T13:21:13","date_gmt":"2019-10-03T10:21:13","guid":{"rendered":"http:\/\/www.remgo.com\/11\/?p=58335"},"modified":"2026-01-16T12:23:40","modified_gmt":"2026-01-16T09:23:40","slug":"bir-roportaj-ve-baska-sehirlerde-baslayan-yolculuklar","status":"publish","type":"post","link":"https:\/\/www.remgo.com\/11\/bir-roportaj-ve-baska-sehirlerde-baslayan-yolculuklar\/","title":{"rendered":"Ba\u015fka \u015fehirlere yolculuklar&#8230;"},"content":{"rendered":"\n<p><a href=\"https:\/\/vogue.com.tr\/yazar\/zeynep-guven-unlu\" target=\"_blank\" rel=\"noopener noreferrer nofollow\">Zeynep G\u00fcven \u00dcnl\u00fc<\/a> ile dostlu\u011fumuz eskilere dayan\u0131r. 2005&#8217;te yollar\u0131m\u0131z California&#8217;da kesi\u015fti ama ben onun ad\u0131n\u0131 muhabirlik g\u00fcnlerimden, H\u00fcrriyet&#8217;teki haber ve r\u00f6portajlar\u0131ndan biliyordum. Tan\u0131\u015ft\u0131ktan sonra Irvine-Long Beach aras\u0131nda \u00e7ok gidip geldik, f\u0131rsat bulduk\u00e7a ailece California, Las Vegas turlar\u0131 yapt\u0131k. O g\u00fcnler, hat\u0131rlad\u0131k\u00e7a g\u00fcld\u00fc\u011f\u00fcm\u00fcz g\u00fczel birer hat\u0131ra oldu. Bir ba\u015fka \u015fehirde ba\u015flayan bu yolculu\u011fumuz bug\u00fcn de devam ediyor.<\/p>\n\n\n\n<p>Zeynep ge\u00e7enlerde benimle bir <a href=\"http:\/\/www.diken.com.tr\/baska-sehirlere-zaman-yolculugu\/\" target=\"_blank\" rel=\"noopener noreferrer nofollow\">r\u00f6portaj<\/a> yapt\u0131. Konu yeni kitab\u0131m &#8220;<a href=\"https:\/\/www.remgo.com\/11\/kitaplarim\/baska-sehirler\/\" target=\"_blank\" rel=\"noopener noreferrer\">Ba\u015fka \u015eehirler<\/a>&#8220;di. R\u00f6portajdan \u00e7ok iki arkada\u015f\u0131n s\u0131cak bir sohbetiydi bu. Sonra bir yaz\u0131 yazd\u0131&#8230; A\u015fa\u011f\u0131da \u00f6zetini verdi\u011fim bu yaz\u0131s\u0131 <a href=\"http:\/\/www.diken.com.tr\/baska-sehirlere-zaman-yolculugu\/\" target=\"_blank\" rel=\"noopener noreferrer nofollow\">diken.com.tr<\/a>&#8216;de yay\u0131nland\u0131. Arkada\u015f\u0131m oldu\u011fu i\u00e7in s\u00f6ylemiyorum ama ben sonu\u00e7tan \u00e7ok mutlu oldum. Onun r\u00f6portajlar\u0131n\u0131 \u00f6zledi\u011fimi fark ettim. <strong>Zeynep, bizi o g\u00fczel yaz\u0131lar\u0131na daha fazla hasret b\u0131rakma, kollar\u0131 s\u0131va, yazmaya ba\u015fla!<\/strong><\/p>\n\n\n\n<h5 class=\"wp-block-heading\" id=\"h-iste-o-yazi\">\u0130\u015fte o yaz\u0131&#8230;<\/h5>\n\n\n\n<h3 class=\"wp-block-heading\" id=\"h-baska-sehirlere-zaman-yolculugu\">Ba\u015fka \u015fehirlere zaman yolculu\u011fu<\/h3>\n\n\n\n<h5 class=\"wp-block-heading\" id=\"h-zeynep-guven-unlu\">ZEYNEP G\u00dcVEN \u00dcNL\u00dc<\/h5>\n\n\n\n<p>Remzi G\u00f6kda\u011f\u2019\u0131n hayat\u0131 bir maceradan di\u011ferine at\u0131larak ge\u00e7ti, hala da \u00f6yle ge\u00e7iyor. Bir g\u00fcn Z\u00fcrih\u2019te tren gar\u0131nda Lenin\u2019i Moskova\u2019ya u\u011furluyor, \u00f6b\u00fcr g\u00fcn Einstein\u2019la genel g\u00f6relilik kuram\u0131n\u0131n temellerini att\u0131\u011f\u0131 Bern\u2019de bulu\u015fuyor. Berlin\u2019de Marlene Dietrich\u2019le kol kola dola\u015f\u0131rken, bir de bakm\u0131\u015fs\u0131n\u0131z Paris\u2019e uzan\u0131p efsane foto\u011fraf\u00e7\u0131 Robert Doisneau\u2019yu yan\u0131na al\u0131p tarihin en romantik foto\u011fraflar\u0131ndan \u2018The Kiss\u2019in s\u0131rr\u0131n\u0131n pe\u015fine d\u00fc\u015f\u00fcyor.<\/p>\n\n\n\n<p>ABD\u2019de de hikayeleri var. 1967\u2019ye d\u00f6n\u00fcp Jimi Hendrix konseri i\u00e7in Monterey\u2019e gidiyor. Charles Bukowski\u2019yle Los Angeles barlar\u0131nda bira i\u00e7iyor. 40\u2019l\u0131 y\u0131llara gidip Los Alamos\u2019ta Oppenheimer\u2019le atom bombas\u0131 haz\u0131rl\u0131klar\u0131n\u0131n s\u0131rr\u0131n\u0131 payla\u015f\u0131yor.<\/p>\n\n\n\n<p>\u00dcstelik b\u00fct\u00fcn bunlar\u0131 bir aksiyon filmi h\u0131z\u0131nda de\u011fil, sindire sindire yap\u0131yor. Ya\u015fad\u0131\u011f\u0131 her an\u0131n tad\u0131n\u0131 sonuna kadar \u00e7\u0131kar\u0131yor. G\u00f6kda\u011f\u2019\u0131n \u2018Ba\u015fka \u015eehirler\u2019 adl\u0131 gezi\/an\u0131\/tarih t\u00fcr\u00fcndeki kitab\u0131nda arad\u0131\u011f\u0131n\u0131z, \u00f6zledi\u011finiz \u00e7ok \u015fey var. Zaman\u0131n daha yava\u015f akt\u0131\u011f\u0131 ge\u00e7mi\u015fe giderken siz de yava\u015fl\u0131yorsunuz. Buna bir de G\u00f6kda\u011f\u2019\u0131n tela\u015fs\u0131z dili eklenince iyice rahatl\u0131yorsunuz.<\/p>\n\n\n\n<p>Yine de zaman\u0131 ya da konsantrasyonu olmayan okurlar\u0131 d\u00fc\u015f\u00fcnm\u00fc\u015f yazar. Her \u015fehrin hikayesini \u00fc\u00e7-d\u00f6rt sayfada bitirmi\u015f, daha fazlas\u0131n\u0131 merak edenler i\u00e7in kitab\u0131n sonuna bir okuma listesi eklemi\u015f. Remzi G\u00f6kda\u011f, \u2018<a href=\"http:\/\/www.diken.com.tr\" target=\"_blank\" rel=\"noopener noreferrer nofollow\">diken.com.tr<\/a>\u2019nin sorular\u0131n\u0131 yan\u0131tlad\u0131, ba\u015fka t\u00fcrl\u00fc gezi kitab\u0131 Ba\u015fka \u015eehirler\u2019in hikayesini anlatt\u0131.<\/p>\n\n\n\n<p><strong><em>Bu kitap nerden, nas\u0131l \u00e7\u0131kt\u0131, hatta ondan da \u00f6nce bilmeyenler i\u00e7in Remzi G\u00f6kda\u011f kim?<\/em><\/strong><\/p>\n\n\n\n<p>Mesle\u011fim gazetecilik. 1989\u2019da Cumhuriyet\u2019te ba\u015flad\u0131m. Uzun \u00f6m\u00fcrl\u00fc bir meslek hayat\u0131m olmad\u0131. Fakat yapt\u0131\u011f\u0131m s\u00fcre i\u00e7inde \u00e7ok keyif ald\u0131m. 90\u2019lar\u0131n ba\u015f\u0131nda Park Otel g\u00f6kdeleninin in\u015faat\u0131na engel olan haber ve r\u00f6portajlara imza atmaktan ayr\u0131ca mutlu oldum. Ama i\u015fin en sevdi\u011fim k\u0131sm\u0131 izlenim yaz\u0131lar\u0131 yazmakt\u0131.<\/p>\n\n\n\n<p>Foto\u011fraf \u00e7ekmek, gezerek ke\u015ffetmek ve yazman\u0131n beni \u00e7ok mutlu edece\u011fine inand\u0131m ve radikal bir kararla mesle\u011fi b\u0131rak\u0131p 1997\u2019de Los Angeles\u2019a gittim. Burada hem e\u011fitim ald\u0131m, hem \u00e7al\u0131\u015ft\u0131m, hem gezdim. Cumhuriyet\u2019in d\u0131\u015f haberler sayfas\u0131na \u2018Pazar Mektuplar\u0131\u2019 yazd\u0131m.<\/p>\n\n\n\n<p><strong><em>ABD\u2019de ne e\u011fitimi ald\u0131n\u0131z?<\/em><\/strong><\/p>\n\n\n\n<p>\u0130stanbul \u00dcniversitesi \u0130leti\u015fim Fak\u00fcltesi\u2019ni bitirmi\u015ftim. ABD\u2019de web tasar\u0131m\u0131 ve foto\u011fraf\u00e7\u0131l\u0131k dersleri ald\u0131m. Tasar\u0131m, foto\u011fraf\u00e7\u0131l\u0131k ve ba\u015fka yay\u0131nc\u0131l\u0131k i\u015fleri yapt\u0131m. Los Angeles\u2019ta tam 10 y\u0131l ge\u00e7irdim. \u00c7al\u0131\u015fmak, para kazanmak bir anlamda \u00f6zg\u00fcrl\u00fc\u011f\u00fcm\u00fcz\u00fc sat\u0131n almak demek. Kazand\u0131\u011f\u0131m\u0131zla hayallerimizi ger\u00e7ekle\u015ftirme imkan\u0131 elde ediyoruz. Etraf\u0131m\u0131zdaki arkada\u015flar\u0131m\u0131z bu kazanc\u0131 de\u011fi\u015fik \u015fekilde de\u011ferlendiriyor; araba al\u0131yor, ev al\u0131yor, i\u015f kuruyor.<\/p>\n\n\n\n<p>Benim plan\u0131m hep gezmek, d\u00fcnyay\u0131 tan\u0131makt\u0131. Buna bir kere ba\u015flay\u0131nca da diki\u015f tutmad\u0131. Belli bir adresim yok, merkezim yok. Bu arada \u2018ben\u2019 diyorum ama b\u00fct\u00fcn bunlar\u0131 Los Angeles\u2019ta tan\u0131\u015f\u0131p evlendi\u011fim Yelda\u2019yla birlikte yap\u0131yoruz. R\u00fczgar nereye eserse, teklif nereden gelirse. Gider miyiz diye d\u00fc\u015f\u00fcnm\u00fcyoruz, gitti\u011fimizde neler yapar\u0131z, mutlulu\u011fu nas\u0131l yakalar\u0131z diye d\u00fc\u015f\u00fcn\u00fcyoruz.<\/p>\n\n\n\n<p><strong><em>Kitab\u0131 ona ithaf ettiniz.<\/em><\/strong><\/p>\n\n\n\n<p>B\u00f6yle bir ya\u015fam tarz\u0131n\u0131 insan e\u015fiyle birlikte s\u00fcrd\u00fcrebiliyorsa d\u00fcnyan\u0131n en mutlu insan\u0131 demektir. \u00c7\u00fcnk\u00fc payla\u015f\u0131lan g\u00fczellikler yan\u0131nda en sevdi\u011fin ki\u015fi varsa daha da de\u011fer kazan\u0131yor. Hi\u00e7 yaln\u0131z gezmedim, gezsem bu kadar zevk al\u0131r m\u0131yd\u0131m, hi\u00e7 sanm\u0131yorum.Ben kitab\u0131 yazd\u0131m ama gezilerin planlanmas\u0131ndan yollar\u0131n bulunmas\u0131na, co-pilotluktan lojisti\u011fe Yelda\u2019n\u0131n deste\u011fi b\u00fcy\u00fck oldu. Kitab\u0131 ilk okuyan ki\u015fiydi. Fikri duydu\u011funda \u00e7ok heyecanland\u0131 ve destekledi.<\/p>\n\n\n\n<p>B\u00f6yle bir ya\u015fam tarz\u0131n\u0131 insan e\u015fiyle birlikte s\u00fcrd\u00fcrebiliyorsa d\u00fcnyan\u0131n en mutlu insan\u0131 demektir. \u00c7\u00fcnk\u00fc payla\u015f\u0131lan g\u00fczellikler yan\u0131nda en sevdi\u011fin ki\u015fi varsa daha da de\u011fer kazan\u0131yor. Hi\u00e7 yaln\u0131z gezmedim, gezsem bu kadar zevk al\u0131r m\u0131yd\u0131m, hi\u00e7 sanm\u0131yorum.Ben kitab\u0131 yazd\u0131m ama gezilerin planlanmas\u0131ndan yollar\u0131n bulunmas\u0131na, co-pilotluktan lojisti\u011fe Yelda\u2019n\u0131n deste\u011fi b\u00fcy\u00fck oldu. Kitab\u0131 ilk okuyan ki\u015fiydi. Fikri duydu\u011funda \u00e7ok heyecanland\u0131 ve destekledi.<\/p>\n\n\n\n<p>Kitapta 20 \u015fehri 20 tarihi ki\u015filikle ke\u015ffe \u00e7\u0131k\u0131yorsunuz. Siz ka\u00e7 \u00fclkede ya\u015fad\u0131n\u0131z, ka\u00e7 \u015fehirde dola\u015ft\u0131n\u0131z?<\/p>\n\n\n\n<p>22 y\u0131lda \u00fc\u00e7 farkl\u0131 k\u0131tada be\u015f farkl\u0131 \u015fehirde ya\u015fad\u0131m. Moskova, Los Angeles, Z\u00fcrih, aralarda \u0130stanbul ve \u015fimdi de Dubai\u2019deyiz. Bu \u00fclkelerde gidebildi\u011fim hemen her yere gittim. Y\u00fczlerce \u015fehir olmu\u015ftur herhalde.<\/p>\n\n\n\n<p><strong><em>Kitap 22 y\u0131ll\u0131k bir \u00e7al\u0131\u015fman\u0131n \u00fcr\u00fcn\u00fc o zaman.<\/em><\/strong><\/p>\n\n\n\n<p>Fikir a\u015famas\u0131ndan bas\u0131m\u0131na 1,5 y\u0131l ge\u00e7ti ama do\u011fru, seyahatler 22 y\u0131l \u00f6nce ba\u015flad\u0131.<\/p>\n\n\n\n<h3 class=\"wp-block-heading\" id=\"h-internette-degil-kitapta-ozgurum\">\u2018\u0130nternette de\u011fil kitapta \u00f6zg\u00fcr\u00fcm\u2019<\/h3>\n\n\n\n<p><strong><em>Siz ayn\u0131 zamanda blog yaz\u0131yorsunuz. Hatta, T\u00fcrkiye\u2019nin ilk seyahat bloglar\u0131ndan birinin kurucususunuz.<\/em><\/strong><\/p>\n\n\n\n<p>\u2018Uzaklar.com\u2019u 2003\u2019te, California \u00dcniversitesi\u2019nde web tasar\u0131m\u0131 okurken kurdum. \u00d6\u011frendiklerimi uygulad\u0131\u011f\u0131m bir blog olarak ba\u015flad\u0131. Daha sonra araya ba\u015fka i\u015fler ve planlar girince kendi halinde kald\u0131. \u2018Kahvve.com\u2019 adl\u0131 aktif bir blogum var. Fakat \u015f\u00f6yle bir \u015fey de var; internet ortam\u0131yla yazma al\u0131\u015fkanl\u0131klar\u0131 ve \u015fekli de de\u011fi\u015fti. Art\u0131k gitti\u011fimiz yerleri kendi \u00fcslubumuzla anlatt\u0131\u011f\u0131m\u0131zda o yaz\u0131lar hi\u00e7bir yere ula\u015fm\u0131yor. \u00c7\u00fcnk\u00fc internette belli bir formatta yazmad\u0131\u011f\u0131n s\u00fcrece o yaz\u0131 kayboluyor.<\/p>\n\n\n\n<p>Anahtar kelimelerin giri\u015fteki c\u00fcmlede vurgulanmas\u0131 gerekiyor, hedef kitleye uygun yazman gerekiyor. O y\u00fczden izlenimlerimi sitemde payla\u015f\u0131rken internet ortam\u0131na g\u00f6re d\u00fczenleme yap\u0131yorum. Giri\u015f c\u00fcmlem benim istedi\u011fim c\u00fcmle olmuyor. Ama kitapta \u00f6zg\u00fcr\u00fcm. Bas\u0131l\u0131 ortamdaki gezi yaz\u0131lar\u0131yla internet ortam\u0131ndakiler \u00e7ok fark ediyor.<\/p>\n\n\n\n<p><strong><em>Ba\u015fka \u015eehirler\u2019de \u00fc\u00e7\u2013d\u00f6rt sayfaya \u00f6nemli tarihi olaylar\u0131 ve ki\u015filikleri s\u0131\u011fd\u0131rd\u0131n\u0131z. O format\u0131 ve \u00f6z\u00fc yakalamak i\u00e7in nas\u0131l \u00e7al\u0131\u015ft\u0131n\u0131z?<\/em><\/strong><\/p>\n\n\n\n<p>Mutlaka \u00f6ncesinde ara\u015ft\u0131rma yapt\u0131m. \u00d6zellikle de \u015fehrin tarihindeki \u00f6nemli ki\u015fi ve olaylar\u0131 okudum. O d\u00f6nemin g\u00fcndelik hayat\u0131n\u0131 anlamaya \u00e7al\u0131\u015ft\u0131m. Efsane isimlerin ya\u015fad\u0131\u011f\u0131 yerleri buldum. Toplad\u0131\u011f\u0131m bu bilgiler \u0131\u015f\u0131\u011f\u0131nda gezdim. \u015eehri ya da kahraman\u0131 anlat\u0131rken ya\u015fanm\u0131\u015f olaylar\u0131 da anlatmak i\u015fin en zor yan\u0131yd\u0131. Sonu\u00e7ta ortaya bir t\u00fcr fragman \u00e7\u0131kt\u0131. Hem bir hikaye anlat\u0131yor hem de daha fazlas\u0131 i\u00e7in merakland\u0131r\u0131yor.<\/p>\n\n\n\n<p><em><strong>\u015eehirleri \/ ki\u015fileri neye g\u00f6re se\u00e7tiniz? Y\u00fczlerce \u015fehri 20\u2019ye nas\u0131l indirdiniz?<\/strong><\/em><\/p>\n\n\n\n<p>Bu kitap daha \u00f6nceki kitab\u0131m \u2018Sevgili \u0130stanbul\u2019un bir devam\u0131 gibi asl\u0131nda. O kitapta ad\u0131 \u0130stanbul\u2019la \u00f6zde\u015fle\u015fen 20 ki\u015fi tek bir \u015fehri anlat\u0131yordu. \u015eimdi yolculuk devam ediyor. 20 farkl\u0131 kenti 20 farkl\u0131 ki\u015fiyle geziyoruz. \u015eehirlerin tamam\u0131 ge\u00e7mi\u015fte b\u00fcy\u00fck \u015f\u00f6hrete sahipti. Bir k\u0131sm\u0131 bunu hala koruyor.<\/p>\n\n\n\n<p>Fakat g\u00f6zden d\u00fc\u015fenler de var. Ve her birinde o \u015fehirle \u00f6zde\u015fle\u015fen b\u00fcy\u00fck bir isim var. Bu iki \u00f6zelli\u011fin \u00e7ak\u0131\u015ft\u0131\u011f\u0131 \u015fehirleri ald\u0131m. Ge\u00e7mi\u015fte o \u015fehirde ya\u015fanan olaylar\u0131n bug\u00fcn\u00fcn d\u00fcnyas\u0131n\u0131 \u015fekillendirmi\u015f olmas\u0131na da \u00f6zen g\u00f6sterdim.<\/p>\n\n\n\n<p><strong><em>Kitab\u0131n masals\u0131 bir dili var, zaten s\u00f6yl\u00fcyorsunuz \u2018hayalle ger\u00e7ek aras\u0131nda\u2019 diye. Anlam\u0131 biz veriyoruz gitti\u011fimiz, ya\u015fad\u0131\u011f\u0131m\u0131z yere.<\/em><\/strong><\/p>\n\n\n\n<p>Kesinlikle \u00f6yle. Mesela Arizona\u2019y\u0131 anlat\u0131rken son Apa\u00e7i \u015fefi Geronimo\u2019nun esir edildi\u011fi yere gittim. Tarih kitaplar\u0131 bunu yazar. Amerikan ordusu Geronimo\u2019yu kovalar, k\u0131st\u0131r\u0131r ve teslim al\u0131r. O vadiye gittim, \u00e7al\u0131lar\u0131, \u00e7\u00f6l\u00fc, da\u011flar\u0131 g\u00f6rd\u00fcm ve belki de Geronimo \u015fu \u00e7al\u0131n\u0131n arkas\u0131nda saklan\u0131yordu diye d\u00fc\u015f\u00fcnd\u00fcm. Okudu\u011fum binlerce sayfadan daha de\u011ferliydi. Ge\u00e7mi\u015fe \u00f6zlem de\u011fil ama ge\u00e7mi\u015fin unutulmamas\u0131n\u0131, an\u0131lmas\u0131n\u0131 istiyorum.<\/p>\n\n\n\n<p><em><strong>Foto\u011fraf, video \u00e7ekiyorsunuz, yaz\u0131 yaz\u0131yorsunuz, tasar\u0131m yap\u0131yorsunuz. Bu yaz\u0131lar ba\u015fka formlarda da kar\u015f\u0131m\u0131za \u00e7\u0131kar m\u0131? K\u0131sa belgeseller, foto\u011fraf sergisi, bir Instagram projesi\u2026<\/strong><\/em><\/p>\n\n\n\n<p>Kitab\u0131n kapa\u011f\u0131 ve sayfa tasar\u0131m\u0131 bana ait. Yine kitap i\u00e7in bir web sitesi ve bir k\u0131sa film yapt\u0131m. Yaz\u0131p kenara \u00e7ekilmedim, A\u2019dan Z\u2019ye her a\u015famas\u0131yla u\u011fra\u015ft\u0131m. Bu da bana en az yazmak kadar b\u00fcy\u00fck keyif verdi.<\/p>\n\n\n\n<p>Ba\u015fka \u015fekillerde de anlat\u0131labilir bu geziler, g\u00fczel de olur. Ama zaman ay\u0131rmak gerekiyor. Bunu yapmak istedi\u011fimi zannetmiyorum. Uzun zamand\u0131r g\u00fcnl\u00fck i\u015f temposundan uza\u011f\u0131m zaten. Tela\u015fs\u0131z gezmeye ve keyifle yazmaya devam etmek istiyorum.<\/p>\n\n\n\n<h5 class=\"wp-block-heading\" id=\"h-kaynak-diken-com-tr\">Kaynak: <a href=\"http:\/\/www.diken.com.tr\/baska-sehirlere-zaman-yolculugu\/\" target=\"_blank\" rel=\"noopener noreferrer nofollow\">diken.com.tr<\/a><\/h5>\n\n\n\n<h3 class=\"wp-block-heading\" id=\"h-\">&nbsp;<\/h3>\n","protected":false},"excerpt":{"rendered":"<p>Zeynep G\u00fcven \u00dcnl\u00fc ile dostlu\u011fumuz eskilere dayan\u0131r. 2005&#8217;te yollar\u0131m\u0131z California&#8217;da kesi\u015fti ama ben onun ad\u0131n\u0131 muhabirlik g\u00fcnlerimden, H\u00fcrriyet&#8217;teki haber ve r\u00f6portajlar\u0131ndan biliyordum. Tan\u0131\u015ft\u0131ktan sonra Irvine-Long Beach aras\u0131nda \u00e7ok gidip geldik, f\u0131rsat bulduk\u00e7a ailece California, Las Vegas turlar\u0131 yapt\u0131k. O g\u00fcnler, hat\u0131rlad\u0131k\u00e7a g\u00fcld\u00fc\u011f\u00fcm\u00fcz g\u00fczel birer hat\u0131ra oldu. Bir ba\u015fka \u015fehirde ba\u015flayan bu yolculu\u011fumuz bug\u00fcn de devam ediyor. Zeynep ge\u00e7enlerde benimle bir r\u00f6portaj yapt\u0131. Konu yeni kitab\u0131m &#8220;Ba\u015fka \u015eehirler&#8220;di. R\u00f6portajdan \u00e7ok iki arkada\u015f\u0131n s\u0131cak bir sohbetiydi bu. Sonra bir yaz\u0131 yazd\u0131&#8230; A\u015fa\u011f\u0131da \u00f6zetini verdi\u011fim bu yaz\u0131s\u0131 diken.com.tr&#8216;de yay\u0131nland\u0131. Arkada\u015f\u0131m oldu\u011fu i\u00e7in s\u00f6ylemiyorum ama ben sonu\u00e7tan \u00e7ok mutlu oldum. Onun r\u00f6portajlar\u0131n\u0131 \u00f6zledi\u011fimi fark<\/p>\n","protected":false},"author":1,"featured_media":58336,"comment_status":"closed","ping_status":"closed","sticky":false,"template":"","format":"standard","meta":{"footnotes":""},"categories":[1772],"tags":[434,443,444,85,445,442],"class_list":["post-58335","post","type-post","status-publish","format-standard","has-post-thumbnail","hentry","category-istanbul-yazilari","tag-baska-sehirler","tag-diken","tag-kitap-roportaji","tag-remzi-gokdag","tag-seyahat","tag-zeynep-guven-unlu"],"_links":{"self":[{"href":"https:\/\/www.remgo.com\/11\/wp-json\/wp\/v2\/posts\/58335","targetHints":{"allow":["GET"]}}],"collection":[{"href":"https:\/\/www.remgo.com\/11\/wp-json\/wp\/v2\/posts"}],"about":[{"href":"https:\/\/www.remgo.com\/11\/wp-json\/wp\/v2\/types\/post"}],"author":[{"embeddable":true,"href":"https:\/\/www.remgo.com\/11\/wp-json\/wp\/v2\/users\/1"}],"replies":[{"embeddable":true,"href":"https:\/\/www.remgo.com\/11\/wp-json\/wp\/v2\/comments?post=58335"}],"version-history":[{"count":0,"href":"https:\/\/www.remgo.com\/11\/wp-json\/wp\/v2\/posts\/58335\/revisions"}],"wp:featuredmedia":[{"embeddable":true,"href":"https:\/\/www.remgo.com\/11\/wp-json\/wp\/v2\/media\/58336"}],"wp:attachment":[{"href":"https:\/\/www.remgo.com\/11\/wp-json\/wp\/v2\/media?parent=58335"}],"wp:term":[{"taxonomy":"category","embeddable":true,"href":"https:\/\/www.remgo.com\/11\/wp-json\/wp\/v2\/categories?post=58335"},{"taxonomy":"post_tag","embeddable":true,"href":"https:\/\/www.remgo.com\/11\/wp-json\/wp\/v2\/tags?post=58335"}],"curies":[{"name":"wp","href":"https:\/\/api.w.org\/{rel}","templated":true}]}}