{"id":57196,"date":"2024-05-19T10:01:22","date_gmt":"2024-05-19T07:01:22","guid":{"rendered":"http:\/\/www.remgo.com\/11\/?p=57196"},"modified":"2026-02-04T11:50:01","modified_gmt":"2026-02-04T08:50:01","slug":"baska-sehirler-remzi-gokdag","status":"publish","type":"post","link":"https:\/\/www.remgo.com\/11\/baska-sehirler-remzi-gokdag\/","title":{"rendered":"Ba\u015fka \u015eehirler"},"content":{"rendered":"\n<p><strong>Efsane isimlerin izinde gizemli yolculuklar<\/strong><\/p>\n\n\n\n<p>Yazar Remzi G\u00f6kda\u011f, Ba\u015fka \u015eehirler \u2013 Efsane \u0130simlerin \u0130zinde Gizemli Yolculuklar\u2019da okuru d\u00fc\u015fle ger\u00e7e\u011fin i\u00e7 i\u00e7e ge\u00e7ti\u011fi benzersiz bir seyahate \u00e7\u0131kar\u0131yor. Yirmi efsane ismin izinde yirmi farkl\u0131 kente uzanan bu yolculuk, klasik bir gezi kitab\u0131n\u0131n s\u0131n\u0131rlar\u0131n\u0131 a\u015farak \u015fehirleri haf\u0131za, hik\u00e2ye ve hayaletler \u00fczerinden yeniden kuruyor.<\/p>\n\n\n\n<p>Alp Da\u011flar\u0131\u2019n\u0131n b\u00fcy\u00fcleyici yama\u00e7lar\u0131ndan \u201cVah\u015fi Bat\u0131\u201dn\u0131n u\u00e7suz bucaks\u0131z \u00e7\u00f6llerine uzanan bu anlat\u0131, hem co\u011frafi hem de ruhani bir ke\u015fif rotas\u0131 \u00e7iziyor. Her \u015fehir, ona rehberlik eden ismin ki\u015fisel an\u0131lar\u0131, ya\u015fam \u00f6yk\u00fcs\u00fc ve \u00f6zg\u00fcn bak\u0131\u015f a\u00e7\u0131s\u0131yla yeniden anlam kazan\u0131yor; okur, yaln\u0131zca sokaklar\u0131 ve meydanlar\u0131 de\u011fil, o kentin ruhunu ve katman katman birikmi\u015f ya\u015fanm\u0131\u015fl\u0131klar\u0131n\u0131 da deneyimliyor.<\/p>\n\n\n\n<p>Kitab\u0131n ilk dura\u011f\u0131, Marco Polo\u2019nun do\u011fdu\u011fu \u015fehir Cenova. Kapa\u011f\u0131 s\u00fcsleyen o \u00fcnl\u00fc deniz feneri, G\u00f6kda\u011f\u2019\u0131n anlat\u0131s\u0131nda yaln\u0131zca bir mimari unsur de\u011fil, kentin haf\u0131zas\u0131n\u0131 ayd\u0131nlatan simgesel bir odak noktas\u0131na d\u00f6n\u00fc\u015f\u00fcyor. Bir zamanlar Avrupa\u2019y\u0131 okyanuslar\u0131n \u00f6tesindeki gizemli limanlara ba\u011flayan bu liman kenti, bug\u00fcn s\u0131radan bir Avrupa \u015fehri gibi g\u00f6r\u00fcnse de, yazar\u0131n izinde dar sokaklar\u0131nda dola\u015f\u0131rken g\u00f6rkemli ge\u00e7mi\u015finin g\u00f6lgeleriyle kar\u015f\u0131la\u015f\u0131yoruz.<\/p>\n\n\n\n<p>Remzi G\u00f6kda\u011f, \u201cturistik rehber\u201d kal\u0131plar\u0131n\u0131 \u00f6zellikle k\u0131r\u0131yor; okuru m\u00fcze ve an\u0131t listelerine de\u011fil, hik\u00e2yelere, y\u00fczlere ve ayr\u0131nt\u0131lara \u00e7a\u011f\u0131r\u0131yor. \u015eehirlerin gizli kalm\u0131\u015f k\u00f6\u015felerini, tarihin unutulmu\u015f sahneleri ve unutulmaz karakterlerle harmanlayarak anlat\u0131rken, her b\u00f6l\u00fcmde hem bir mek\u00e2n\u0131 hem de o mek\u00e2nla \u00f6zde\u015fle\u015fmi\u015f bir ki\u015fili\u011fi merkezine al\u0131yor.<\/p>\n\n\n\n<figure class=\"wp-block-embed aligncenter is-type-video is-provider-youtube wp-block-embed-youtube wp-embed-aspect-16-9 wp-has-aspect-ratio\"><div class=\"wp-block-embed__wrapper\">\n<iframe loading=\"lazy\" title=\"Ba\u015fka \u015eehirler\" width=\"1140\" height=\"641\" src=\"https:\/\/www.youtube.com\/embed\/19UE0JnO9zo?start=1&#038;feature=oembed\" frameborder=\"0\" allow=\"accelerometer; autoplay; clipboard-write; encrypted-media; gyroscope; picture-in-picture; web-share\" referrerpolicy=\"strict-origin-when-cross-origin\" allowfullscreen><\/iframe>\n<\/div><\/figure>\n\n\n\n<p>Kitap, Cenova\u2019da Marco Polo ile ba\u015fl\u0131yor; Amsterdam\u2019da Rembrandt\u2019\u0131n \u0131\u015f\u0131k ve g\u00f6lge oyunlar\u0131n\u0131n izini s\u00fcr\u00fcyor, Los Angeles\u2019ta Charles Bukowski\u2019nin sert ama \u015fiirsel d\u00fcnyas\u0131na sokak sokak e\u015flik ediyor. Berlin\u2019de Marlene Dietrich\u2019in b\u00fcy\u00fcleyici silueti belirirken, Pamplona\u2019da Ernest Hemingway\u2019in bo\u011falar\u0131n ard\u0131ndan ko\u015fan c\u00fcmlelerine, Paris\u2019te Robert Doisneau\u2019nun foto\u011fraflar\u0131na sinmi\u015f g\u00fcndelik mucizelere tan\u0131kl\u0131k ediyor; Prag\u2019da Milan Kundera\u2019n\u0131n varolu\u015fsal sorgulamalar\u0131, Z\u00fcrih\u2019te Lenin\u2019in s\u00fcrg\u00fcn g\u00fcnleri, San Francisco\u2019da Jack Kerouac\u2019\u0131n beat ruhu ve Palermo\u2019da Lampedusa\u2019n\u0131n kay\u0131p aristokrasisi okurun rotas\u0131n\u0131 belirliyor.<\/p>\n\n\n\n<p>Yolculuk, Luzern\u2019de Mark Twain\u2019in mizahla \u00f6r\u00fcl\u00fc g\u00f6zlemlerine, Taos\u2019ta Kit Carson\u2019\u0131n iz s\u00fcrd\u00fc\u011f\u00fc topraklara ve Los Alamos\u2019ta Oppenheimer\u2019\u0131n g\u00f6lgesini ta\u015f\u0131yan laboratuvar sessizliklerine uzan\u0131yor. Porto\u2019da J.K. Rowling\u2019in hayal g\u00fcc\u00fcn\u00fc besleyen sokaklar\u0131n, Monterey\u2019de Jimi Hendrix\u2019in notalar\u0131na kar\u0131\u015fan deniz r\u00fczg\u00e2r\u0131n\u0131n, Bilbao\u2019da Frank Gehry\u2019nin cesur mimarisinin ve Bern\u2019de Albert Einstein\u2019\u0131n d\u00fcnyay\u0131 de\u011fi\u015ftiren d\u00fc\u015f\u00fcnce deneylerinin pe\u015fine d\u00fc\u015f\u00fcyoruz. Death Valley\u2019de Walter Scott\u2019\u0131n yank\u0131lanan ad\u0131mlar\u0131, Mainfeld\u2019de Johanna Spyri\u2019nin \u00e7ocukluk an\u0131lar\u0131yla \u0131\u015f\u0131ldayan k\u0131rlar\u0131 ve Arizona\u2019da Geronimo\u2019nun direni\u015fle \u00f6r\u00fcl\u00fc hik\u00e2yesi bu ke\u015fif atlas\u0131n\u0131n son duraklar\u0131n\u0131 olu\u015fturuyor.<\/p>\n\n\n\n<p>Seyahat etmekten keyif alan, yeni yerler ke\u015ffetme tutkusunu i\u00e7inde ta\u015f\u0131yan okur i\u00e7in Ba\u015fka \u015eehirler, s\u0131radan bir rota listesi de\u011fil; ge\u00e7mi\u015fle bug\u00fcn aras\u0131nda k\u00f6pr\u00fc kuran, kay\u0131p hik\u00e2yeleri g\u00fcn y\u00fcz\u00fcne \u00e7\u0131karan bir ke\u015fif atlas\u0131. Her b\u00f6l\u00fcm, bitirdi\u011finizde d\u00f6n\u00fcp yeniden bakmak isteyece\u011finiz bir \u015fehir ve haf\u0131zan\u0131zda yer edecek bir \u201cefsane isim\u201d b\u0131rak\u0131yor.<\/p>\n\n\n\n<h3 class=\"wp-block-heading\"><a href=\"https:\/\/www.remgo.com\/11\/following-footsteps\/\">ABOUT THE BOOK<\/a><\/h3>\n","protected":false},"excerpt":{"rendered":"<p>Tarih sayfalar\u0131nda kalan baz\u0131 olaylar\u0131 tekrar hat\u0131rlamam\u0131z\u0131 sa\u011flayan kitap, ayn\u0131 zamanda \u015fehirlerin ge\u00e7mi\u015finde iz b\u0131rakan ki\u015filerin ya\u015famlar\u0131ndan da kesitler sunuyor. Her \u015fehre efsane bir isim rehberlik ediyor. Onlar\u0131n hikayeleri, ya\u015fad\u0131klar\u0131 yerlerde kalan izlerle hat\u0131rlan\u0131yor.<\/p>\n","protected":false},"author":1,"featured_media":58235,"comment_status":"closed","ping_status":"closed","sticky":false,"template":"","format":"standard","meta":{"footnotes":""},"categories":[10],"tags":[434,435,85,436],"class_list":["post-57196","post","type-post","status-publish","format-standard","has-post-thumbnail","hentry","category-kitap","tag-baska-sehirler","tag-gezi-kitabi","tag-remzi-gokdag","tag-yol-notlari"],"_links":{"self":[{"href":"https:\/\/www.remgo.com\/11\/wp-json\/wp\/v2\/posts\/57196","targetHints":{"allow":["GET"]}}],"collection":[{"href":"https:\/\/www.remgo.com\/11\/wp-json\/wp\/v2\/posts"}],"about":[{"href":"https:\/\/www.remgo.com\/11\/wp-json\/wp\/v2\/types\/post"}],"author":[{"embeddable":true,"href":"https:\/\/www.remgo.com\/11\/wp-json\/wp\/v2\/users\/1"}],"replies":[{"embeddable":true,"href":"https:\/\/www.remgo.com\/11\/wp-json\/wp\/v2\/comments?post=57196"}],"version-history":[{"count":0,"href":"https:\/\/www.remgo.com\/11\/wp-json\/wp\/v2\/posts\/57196\/revisions"}],"wp:featuredmedia":[{"embeddable":true,"href":"https:\/\/www.remgo.com\/11\/wp-json\/wp\/v2\/media\/58235"}],"wp:attachment":[{"href":"https:\/\/www.remgo.com\/11\/wp-json\/wp\/v2\/media?parent=57196"}],"wp:term":[{"taxonomy":"category","embeddable":true,"href":"https:\/\/www.remgo.com\/11\/wp-json\/wp\/v2\/categories?post=57196"},{"taxonomy":"post_tag","embeddable":true,"href":"https:\/\/www.remgo.com\/11\/wp-json\/wp\/v2\/tags?post=57196"}],"curies":[{"name":"wp","href":"https:\/\/api.w.org\/{rel}","templated":true}]}}