{"id":2528,"date":"2006-12-14T21:58:11","date_gmt":"2006-12-14T18:58:11","guid":{"rendered":"http:\/\/www.remgo.com\/11\/?p=2528"},"modified":"2023-08-08T16:33:16","modified_gmt":"2023-08-08T13:33:16","slug":"park-otel-olayi","status":"publish","type":"post","link":"https:\/\/www.remgo.com\/11\/park-otel-olayi\/","title":{"rendered":"Park Otel Olay\u0131"},"content":{"rendered":"\n<p class=\"has-text-align-left is-style-cnvs-paragraph-callout has-background cnvs-block-core-paragraph-1646305220305\" style=\"background-color:#f1f1f1;font-size:18px;font-style:normal;font-weight:500\">Kitab\u0131n ad\u0131 \u201cPark Otel Cinayeti\u201d de olabilirdi. T\u0131pk\u0131 polisiye romanlarda oldu\u011fu gibi\u2026 Olaylar\u0131n geli\u015fimi biraz da bunu \u00e7a\u011fr\u0131\u015ft\u0131r\u0131yor. Bir kenti (\u0130stanbul), bir semti (Ayazpa\u015fa), \u201ctaamm\u00fcden \u00f6ld\u00fcrmeye tam te\u015febb\u00fcs\u201d var ortada.<\/p>\n\n\n\n<h2 class=\"wp-block-heading\" id=\"efsane-isimlerin-izinde-gizemli-yolculuklar\">Beton devin belgesel \u00f6yk\u00fcs\u00fc<\/h2>\n\n\n\n<p>Ayr\u0131cal\u0131kl\u0131 imar izinlerine dayanan \u00e7arp\u0131k kentle\u015fme politikalar\u0131n\u0131n da ibret verici \u00f6yk\u00fcs\u00fcd\u00fcr. Bu olay, kentsel ve toplumsal de\u011ferlerin, i\u015f bitirici \u00e7evrelerce nas\u0131l ya\u011fmaland\u0131\u011f\u0131n\u0131 g\u00f6steren y\u00fczlerce \u00f6rnekten yaln\u0131zca biridir. Kitapta ger\u00e7ek bir Park Otel cinayetine kurban giden yurtta\u015f\u0131n \u00f6yk\u00fcs\u00fcnden, \u00e7evresini korumakta kararl\u0131 Tun\u00e7 ailesinin hukuki m\u00fccadelesine kadar canl\u0131 ve renkli olaylar yer al\u0131yor.<\/p>\n\n\n\n<iframe loading=\"lazy\" width=\"560\" height=\"315\" src=\"https:\/\/www.youtube.com\/embed\/acpoVc1piK4\" title=\"YouTube video player\" frameborder=\"0\" allow=\"accelerometer; autoplay; clipboard-write; encrypted-media; gyroscope; picture-in-picture\" allowfullscreen=\"\"><\/iframe>\n\n\n\n<h2 class=\"wp-block-heading\" id=\"efsane-isimlerin-izinde-gizemli-yolculuklar\">Kent Su\u00e7u Abidesi<\/h2>\n\n\n\n<p>1993 y\u0131l\u0131na dek \u0130stanbul\u2019da ya\u015fayanlar, yolu bu kente d\u00fc\u015fenler Ayazpa\u015fa s\u0131rtlar\u0131nda y\u00fckselen dev bir beton k\u00fctleyleyle kar\u015f\u0131la\u015f\u0131rd\u0131. Koca bir mahalleyi ezen bu devin ad\u0131 Park Otel&#8217;di. Hukuka ayk\u0131r\u0131l\u0131\u011f\u0131 ve \u015fehircilik bilimiyle alay eden kimli\u011fiyle kamuoyu bu binaya ba\u015ftan beri kar\u015f\u0131 \u00e7\u0131kt\u0131 ama in\u015faat \u00fc\u00e7 y\u0131l boyunca \u00f6zg\u00fcrce y\u00fckselebildi. Ayaspa\u015fa sakinlerinin bu m\u00fccadelesine \u00e7evreye, kente, demokrasiye sayg\u0131l\u0131 \u0130stanbullular da omuz verdi. Sivil dayan\u0131\u015fman\u0131n bir zaferi sergilendi. \u0130n\u015faat 18. kata ula\u015ft\u0131\u011f\u0131nda durdurulabildi, ka\u00e7ak katlar\u0131 y\u0131k\u0131ld\u0131. Kent tarihine ge\u00e7en hukuk m\u00fccadelesinin bas\u0131ndaki Cumhuriyet gazetesiydi. 1990\u2019l\u0131 y\u0131llarda gazetenin gen\u00e7 muhabiri Remzi G\u00f6kda\u011f, Ayaspa\u015fa&#8217;daki geli\u015fmeleri ba\u015f\u0131ndan sonuna takip etti. 100\u2019\u00fc a\u015fk\u0131n haber, incelemeleriyle \u2018kente kar\u015f\u0131 su\u00e7\u2019 kavram\u0131n\u0131n ne anlama geldi\u011fini kamuoyuna duyurdu. \u00c7al\u0131\u015fmalar\u0131n\u0131 Park Otel Olay\u0131 ad\u0131yla kitapla\u015ft\u0131rd\u0131.<\/p>\n\n\n\n<p><strong><em>\u201cSemt sakinleri,&nbsp;24 Kas\u0131m 1991&nbsp;tarihinde beton devin bir ka\u00e7 metre ilerisindeki&nbsp;Cennet \u00c7ay Bah\u00e7esinde&nbsp;topland\u0131lar. G\u00fcne\u015fli bir hafta sonu yap\u0131lan bu toplant\u0131da in\u015fsata g\u00f6sterdikleri tepki ve bir \u015fey yapamaman\u0131n \u00e7aresizli\u011fi belli oluyordu. Yakla\u015f\u0131k 30 ki\u015filik grupta konu\u015fmak isteyen s\u00f6z al\u0131yor, tepkisini dile getirdikten sonra bir ba\u015fkas\u0131 s\u00f6ze ba\u015fl\u0131yordu. Toplant\u0131da imza kampanyalar\u0131, Ankara\u2019ya telgraf, fiili eylemler gibi \u00e7e\u015fitli \u00f6neriler tart\u0131\u015f\u0131ld\u0131. Sabah saatlerinde ba\u015flayan toplant\u0131 13.00\u2019te bitti. (\u2026)\u201d<\/em>  REMZ\u0130 G\u00d6KDA\u011e<\/strong><\/p>\n\n\n\n\n\n<div class=\"wp-block-columns are-vertically-aligned-top is-layout-flex wp-container-core-columns-is-layout-9d6595d7 wp-block-columns-is-layout-flex\">\n<div class=\"wp-block-column is-vertically-aligned-top is-layout-flow wp-block-column-is-layout-flow\" style=\"flex-basis:66.66%\">\n<p class=\"is-style-default\">Kitab\u0131n ad\u0131 \u201cPark Otel Cinayeti\u201d de olabilirdi. T\u0131pk\u0131 polisiye romanlarda oldu\u011fu gibi.. Olaylar\u0131n geli\u015fimi biraz da bunu \u00e7a\u011fr\u0131\u015ft\u0131r\u0131yor. Bir kenti (\u0130stanbul), bir semti (Ayazpa\u015fa), \u201ctaamm\u00fcden \u00f6ld\u00fcrmeye tam te\u015febb\u00fcs\u201d var ortada. Ama cinayet giri\u015fimi bu kez \u00f6l\u00fcmle sonu\u00e7lanmad\u0131, yaralanma d\u00fczeyinde kald\u0131. \u00c7\u00fcnk\u00fc ilk kez bir semtin insanlar\u0131 yani Ayazpa\u015fal\u0131lar, bu pervas\u0131z gidi\u015fe bir dur demek i\u00e7in aya\u011fa kalkt\u0131lar.  Onlar\u0131n bu m\u00fccadelesine \u00e7evreye, kente, demokrasiye sayg\u0131l\u0131 \u0130stanbullular da omuz verdi ve sivil dayan\u0131\u015fman\u0131n bir zaferi sergilendi. Park Otel Olay\u0131, Turizmi Te\u015fvik Yasas\u0131 ile kentlerin, k\u0131y\u0131lar\u0131n, S\u0130T alanlar\u0131n\u0131n buradaki t\u00fcm \u00e7evre ve toplumsal de\u011ferlerin, i\u015f bitirici yat\u0131r\u0131mc\u0131 \u00e7evrelerce nas\u0131l ya\u011fmaland\u0131\u011f\u0131n\u0131 g\u00f6steren y\u00fczlerce \u00f6rnekten yaln\u0131zca biridir. Hukuka ayk\u0131r\u0131l\u0131\u011f\u0131 ve \u015fehircilik bilimiyle alay eden kimli\u011fiyle kamuoyunun kar\u015f\u0131 \u00e7\u0131kt\u0131\u011f\u0131 Park Otel \u00fc\u00e7 y\u0131l boyunca nas\u0131l \u00f6zg\u00fcrce y\u00fckselebildi? Sivil ve resmi yetkililerin olu\u015fturdu\u011fu ittifaka kar\u015f\u0131 bu in\u015faat demokrasiye nas\u0131l meydan okudu? Bu ak\u0131l almaz gidi\u015fe Dan\u0131\u015ftay nas\u0131l dur dedi?<\/p>\n<\/div>\n\n\n\n<div class=\"wp-block-column is-vertically-aligned-top is-layout-flow wp-block-column-is-layout-flow\" style=\"flex-basis:33.33%\">\n<figure class=\"wp-block-image size-full is-style-default\"><img loading=\"lazy\" decoding=\"async\" width=\"400\" height=\"563\" src=\"https:\/\/www.remgo.com\/11\/wp-content\/uploads\/2021\/05\/Park_Otel-Olayi_Arka_Kapak_Remzi_Gokdag.jpg\" alt=\"\" class=\"wp-image-62125\" title=\"\" srcset=\"https:\/\/www.remgo.com\/11\/wp-content\/uploads\/2021\/05\/Park_Otel-Olayi_Arka_Kapak_Remzi_Gokdag.jpg 400w, https:\/\/www.remgo.com\/11\/wp-content\/uploads\/2021\/05\/Park_Otel-Olayi_Arka_Kapak_Remzi_Gokdag-60x84.jpg 60w\" sizes=\"auto, (max-width: 400px) 100vw, 400px\" \/><figcaption class=\"wp-element-caption\"><strong><a href=\"https:\/\/www.kitapyurdu.com\/kitap\/park-otel-olayi\/27107.html\" target=\"_blank\" rel=\"noreferrer noopener nofollow\">PARK OTEL OLAYI<\/a><\/strong><br><strong>YAYIN YILI:&nbsp;1992<\/strong><br><strong>SAYFA:&nbsp;62<\/strong><br><strong>ISBN:&nbsp;9757787140<\/strong><br><strong>KONU:&nbsp;\u0130STANBUL K\u0130TAPLARI, \u0130NCELEME, KENTLE\u015eME.<\/strong><\/figcaption><\/figure>\n<\/div>\n<\/div>\n\n\n\n<hr class=\"wp-block-separator has-text-color has-black-color has-css-opacity has-black-background-color has-background is-style-wide\"\/>\n\n\n\n<h2 class=\"wp-block-heading has-text-align-center\">PARK OTEL OLAYI: B\u0130R \u2018KENT SUCU\u2019NUN BELGESEL \u00d6YK\u00dcS\u00dc<\/h2>\n\n\n\n<p class=\"has-text-align-center is-style-default cnvs-block-core-paragraph-1646310015380\"><em>Cumhuriyet Kitap Eki\u2019nin 144. say\u0131s\u0131nda (26 Kas\u0131m 1992) yay\u0131nlanan bu yaz\u0131, Park Otel m\u00fccadelesini birlikte y\u00fcr\u00fctt\u00fc\u011f\u00fcm\u00fcz, d\u00f6nemin Mimarlar Odas\u0131 \u0130stanbul \u015eube Ba\u015fkan\u0131 Oktay Ekinci taraf\u0131ndan yaz\u0131ld\u0131\u2026<\/em><\/p>\n\n\n\n<p class=\"has-text-align-center is-style-cnvs-paragraph-callout has-medium-font-size\">Park Otel kitab\u0131, salt \u00e7irkin bir yap\u0131n\u0131n de\u011fil, uygarla\u015fma yolunda T\u00fcrkiye\u2019nin nerelerde oldu\u011funu g\u00f6stermesi bak\u0131m\u0131ndan da t\u00fcm \u00e7evre ve demokrasi dostlar\u0131n\u0131n edinmesi gereken bir \u00e7al\u0131\u015fma.<\/p>\n\n\n\n<div class=\"wp-block-columns cnvs-block-core-columns-1618476676066 is-layout-flex wp-container-core-columns-is-layout-9d6595d7 wp-block-columns-is-layout-flex\">\n<div class=\"wp-block-column is-layout-flow wp-block-column-is-layout-flow\">\n<p>Son y\u0131llarda, \u00f6zellikle uygunsuz ve spek\u00fclatif yap\u0131la\u015fman\u0131n yayg\u0131nla\u015fmas\u0131yla birlikte, ya\u015fad\u0131klar\u0131 ortam\u0131n do\u011fal ve k\u00fclt\u00fcrel de\u011ferlerine sahip \u00e7\u0131kan duyarl\u0131 \u00e7evrelerin g\u00fcndeme getirdikleri yeni bir hukuk kavram\u0131 var: <strong>\u201cKente Kar\u015f\u0131 Su\u00e7.\u201d<\/strong><\/p>\n\n\n\n<p class=\"is-style-default\">Asl\u0131nda baz\u0131 Bat\u0131 toplumlar\u0131nda ve \u00f6zellikle kentle\u015fme s\u00fcre\u00e7lerini tamamlam\u0131\u015f, <em>\u201ckent k\u00fclt\u00fcr\u00fc\u201d<\/em> dedi\u011fimiz, insana ve \u00e7evreye sayg\u0131y\u0131 uygarla\u015fman\u0131n olmazsa olmaz ko\u015fulu olarak g\u00f6rmeye ba\u015flayan toplumlarda b\u00f6yle bir su\u00e7 kavram\u0131 hukuk d\u00fczenlerinde \u00e7oktan yerini alm\u0131\u015f durumda.<\/p>\n\n\n\n<p class=\"is-style-default\">\u00d6rne\u011fin Fransa\u2019da 1977\u2019de y\u00fcr\u00fcrl\u00fc\u011fe giren, mimarl\u0131\u011f\u0131n yetki ve sorumluluklar\u0131n\u0131 belirleyen meslek yasas\u0131nda <em>\u201cmimarl\u0131k k\u00fclt\u00fcr\u00fcn bir ifadesidir\u201d<\/em> \u015feklindeki temel saptama daha ilk ba\u015ftan yap\u0131l\u0131yor ve hemen ard\u0131ndan bu k\u00fclt\u00fcrel eylemin <em>\u201ckente kar\u015f\u0131 su\u00e7 te\u015fkil etmeyecek \u015fekilde\u201d<\/em> nas\u0131l ger\u00e7ekle\u015febilece\u011fi ise \u015f\u00f6yle belirleniyor: <\/p>\n\n\n\n<p class=\"is-style-default\"><em>\u201cKentsel, do\u011fal ve tarihsel \u00e7evreye sayg\u0131 kamu yarar\u0131nad\u0131r. \u0130mar Plan\u0131 ve in\u015faat izni veren yetkililer, bu sayg\u0131y\u0131 garanti ederler.\u201d<\/em><\/p>\n\n\n\n<p class=\"is-style-default\">Zagreb, Amsterdam gibi k\u00fclt\u00fcrel kimli\u011fin korunmas\u0131nda k\u00f6kle\u015fmi\u015f geleneklere sahip kimi kentlerde de, bu kimli\u011fin zedelenmesine yol a\u00e7abilecek <strong>\u201csu\u00e7lar\u0131n\u201d<\/strong>, daha <strong>\u201cniyetlenme\u201d<\/strong> a\u015famas\u0131ndayken engellenmesi, imar hukuklar\u0131n\u0131n temelini olu\u015fturuyor. <strong>Dr. Turgut Cansever<\/strong>\u2019in <em>\u201cOsmanl\u0131 kent d\u00fczenindeki ahlak anlay\u0131\u015f\u0131n\u0131n Bat\u0131\u2019 da yasalara ge\u00e7mi\u015f \u015fekli\u201d<\/em> olarak de\u011ferlendirdi\u011fi <strong>Zagreb imar y\u00f6netmeli\u011finde<\/strong>, \u015fu <strong>\u201c\u00f6nko\u015ful\u201d<\/strong> yer al\u0131yor: <\/p>\n\n\n\n<p class=\"is-style-default\"><strong>\u201cBu kentte yeni bina yapmak yasakt\u0131r. Ancak, kim yeni bir binaya gereksinim duyuyorsa, bunu ancak kenti daha da g\u00fczelle\u015ftirece\u011fini kan\u0131tlayarak yapabilir\u2026\u201d<\/strong><\/p>\n\n\n\n<p class=\"is-style-default\">Kente kar\u015f\u0131 su\u00e7 kavram\u0131, i\u015fte b\u00f6ylesine <strong>\u201cd\u00fczeyli\u201d<\/strong> bir imar d\u00fczeni i\u00e7in ve \u00f6ncelikle kamu yarar\u0131n\u0131, insana ve \u00e7evreye sayg\u0131y\u0131 ve demokrasiyi esas alan bir kentle\u015fme s\u00fcreci i\u00e7in, \u00fclkemiz a\u00e7\u0131s\u0131ndan eksikli\u011fi her ge\u00e7en g\u00fcn daha \u00e7ok hissedilen bir kavram. O kadar ki, g\u00fcn\u00fcm\u00fczdeki bir\u00e7ok <em>\u201cyasal\u201d<\/em> uygulamalar bile yaratt\u0131klar\u0131 kentsel sorunlar ve insan onuruna yak\u0131\u015fmayan ya\u015fam \u00e7evrelerine neden olarak etkileriyle, ger\u00e7ekten kente kar\u015f\u0131 i\u015flenen birer su\u00e7 \u00fcr\u00fcn\u00fc olarak y\u00fckseliyorlar. Ve elbette bu <em>\u201ccezas\u0131 olmayan\u201d<\/em> a\u011f\u0131r su\u00e7un alt\u0131nda ezilen ise salt kent de\u011fil, t\u00fcm kent halk\u0131 oluyor\u2026<\/p>\n\n\n\n<p class=\"is-style-default\">\u0130\u015fte, \u0130stanbul\u2019daki <strong>Park Otel<\/strong>, bu yeni su\u00e7 kavram\u0131n\u0131n ne denli \u00f6nemli oldu\u011funu g\u00f6steren; hemen t\u00fcm \u00f6zellikleriyle kente ve topluma kar\u015f\u0131 <strong>\u201cimar yoluyla i\u015flenen\u201d<\/strong> su\u00e7lar\u0131n kimi zaman o kent ve o toplum i\u00e7in ne denli onar\u0131lmaz yaralara yol a\u00e7abilece\u011fini kan\u0131tlayan; \u00fcstelik de <strong>\u201c\u00f6nceden planlanarak\u201d<\/strong> <em>(taamm\u00fcden)<\/em> ger\u00e7ekle\u015ftirilen bir <strong>\u201ckentsel cinayet\u201d<\/strong> olarak tarihe ge\u00e7iyor. Ve yine <strong>Park Otel<\/strong>, di\u011fer t\u00fcm kentsel cinayetlerde oldu\u011fu gibi, cezas\u0131n\u0131 <em>\u201csu\u00e7u i\u015fleyenin\u201d<\/em> de\u011fil, toplumun ve kentin \u00e7ekti\u011fi; <strong>\u201cgiderilmesi olanaks\u0131z\u201d<\/strong> zararlar\u0131yla \u0130stanbul\u2019un \u00fczerine bir karabasan gibi \u00e7\u00f6ken; karanl\u0131k bir d\u00f6nemin <em>\u201cg\u00f6z\u00fc kara\u201d<\/em> yat\u0131r\u0131m\u0131 olarak Bo\u011fazi\u00e7i sil\u00fcetinde yerini al\u0131yor.<\/p>\n<\/div>\n\n\n\n<div class=\"wp-block-column is-vertically-aligned-top is-layout-flow wp-block-column-is-layout-flow\">\n<figure class=\"wp-block-image size-full is-style-default\"><img loading=\"lazy\" decoding=\"async\" width=\"900\" height=\"1088\" src=\"https:\/\/www.remgo.com\/11\/wp-content\/uploads\/2021\/05\/Park_Otel_Olayi_Cumhuriyet_Kitap.jpg\" alt=\"\" class=\"wp-image-62121\" title=\"\" srcset=\"https:\/\/www.remgo.com\/11\/wp-content\/uploads\/2021\/05\/Park_Otel_Olayi_Cumhuriyet_Kitap.jpg 900w, https:\/\/www.remgo.com\/11\/wp-content\/uploads\/2021\/05\/Park_Otel_Olayi_Cumhuriyet_Kitap-800x967.jpg 800w, https:\/\/www.remgo.com\/11\/wp-content\/uploads\/2021\/05\/Park_Otel_Olayi_Cumhuriyet_Kitap-60x73.jpg 60w\" sizes=\"auto, (max-width: 900px) 100vw, 900px\" \/><figcaption class=\"wp-element-caption\"><strong>CUMHUR\u0130YET K\u0130TAP SAYI 144 SAYFA 7<\/strong><\/figcaption><\/figure>\n\n\n\n<p><em>\u201cRemzi G\u00f6kda\u011f \u0131n \u201cPark Otel Olay\u0131\u201d tutarl\u0131 bir gazetecilik anlay\u0131\u015f\u0131n\u0131n \u00fcr\u00fcn\u00fc.\u201d<\/em> <strong>Oktay EK\u0130NC\u0130<\/strong><\/p>\n\n\n\n<p class=\"is-style-default\">Binan\u0131n tart\u0131\u015f\u0131lmaya ba\u015flanmas\u0131 ile birlikte, b\u00f6ylesi bir su\u00e7a kar\u015f\u0131 kamuoyu duyarl\u0131l\u0131\u011f\u0131n\u0131n y\u00fckseltilmesinde ve geli\u015fmeleri hemen t\u00fcm y\u00f6nleriyle halka duyurma konusuna, hi\u00e7 ku\u015fkusuz Cumhuriyet gazetesinin ve gazetenin \u00e7al\u0131\u015fkan muhabirlerinden <strong>Remzi G\u00f6kda\u011f<\/strong>\u2019\u0131n \u00e7ok b\u00fcy\u00fck katk\u0131lar\u0131 oldu.<\/p>\n\n\n\n<p class=\"is-style-default\">Park Otel, bas\u0131nda son \u00fc\u00e7 y\u0131l i\u00e7inde yay\u0131mlanan <strong>\u201ckentle\u015fme haberleri\u201d<\/strong> aras\u0131nda ilk s\u0131ray\u0131 <em>\u201ct\u00fcm \u00e7irkinli\u011fiyle\u201d<\/em> al\u0131rken, Cumhuriyet gazetesindeki Remzi G\u00f6kda\u011f imzas\u0131, bu sava\u015f\u0131m\u0131n <strong>\u201ckamuoyu deste\u011fi<\/strong>\u201d cephesinde kente, \u00e7evreye, demokrasiye ve hukukun \u00fcst\u00fcnl\u00fc\u011f\u00fcne sahip \u00e7\u0131kman\u0131n <strong>\u201csimgesi\u201d<\/strong> haline geldi. <\/p>\n\n\n\n<p class=\"is-style-default\">Ve zaman i\u00e7erisinde yine Remzi G\u00f6kda\u011f ismi, Park Otel&#8217;e kar\u015f\u0131 s\u00fcrd\u00fcr\u00fclen <strong>\u201csivil-demokratik sava\u015f\u0131m\u0131n\u201d<\/strong> ortak bir sesi, dayan\u0131\u015fma oda\u011f\u0131 ve <strong>\u201cduyarl\u0131 gazetecili\u011fin\u201d<\/strong> toplumla b\u00fct\u00fcnle\u015fen \u00e7a\u011fda\u015f bir \u00f6rne\u011fi olarak, ar\u015fivlerde saklanan haber k\u00fcp\u00fcrlerinde yerini ald\u0131. <\/p>\n\n\n\n<p class=\"is-style-default\">Remzi G\u00f6kda\u011f\u2019\u0131n Cumhuriyet gazetesinde yay\u0131mlanan Park Otel\u2019le ilgili say\u0131s\u0131z yaz\u0131 ve haberlerinin birikimiyle yarat\u0131lan kitap ise, bu tarihsel <strong>\u201ckamu hizmetinin\u201d<\/strong> t\u00fcm toplumsal kazan\u0131mlar\u0131n\u0131, k\u00fcp\u00fcr ar\u015fivlerinden kurtar\u0131p k\u00fct\u00fcphanelerimize getiriyor.<\/p>\n\n\n\n<p class=\"is-style-default\">Kitapta, \u00f6ncelikle tarih s\u0131ras\u0131na g\u00f6re yer alan geli\u015fmeler ve \u00e7ok \u00f6nemli bilgiler, \u0130stanbul\u2019da <strong>\u201ckente kar\u015f\u0131 i\u015flenen su\u00e7lar\u0131n\u201d<\/strong> en amans\u0131zlar\u0131ndan birinde, su\u00e7u i\u015fleyenlerin bu cesaretlerini nereden ve kimlerden bulduklar\u0131, \u00e7\u0131karlar\u0131 u\u011fruna hukuku ve demokrasiyi nas\u0131l ayaklar alt\u0131na ald\u0131klar\u0131 ve <strong>\u201cyetkili resmi ki\u015fi ve kuramlar\u0131n\u201d<\/strong> da bu su\u00e7a nas\u0131l \u00f6nayak olup, ye\u015fil \u0131\u015f\u0131k yakabildikleri gelece\u011fe d\u00f6n\u00fck \u00e7ok \u00f6nemli kaynak belgeler olarak yer al\u0131yor.<\/p>\n\n\n\n<p class=\"is-style-default\">Park Otel Olay\u0131, salt \u00e7irkin bir yap\u0131n\u0131n de\u011fil, uygarla\u015fma yolunda T\u00fcrkiye\u2019nin nerelerde oldu\u011funu g\u00f6stermesi bak\u0131m\u0131ndan da t\u00fcm \u00e7evre ve demokrasi dostlar\u0131n\u0131n edinmesi gereken bir \u00e7al\u0131\u015fma. \u00dcstelik, ayn\u0131 anda, dur durak bilmeyen bir sava\u015f\u0131m\u0131n, titiz ve duyarl\u0131 bir gazetecilik g\u00f6revinin \u00fcr\u00fcn\u00fc\u2026<\/p>\n<\/div>\n<\/div>\n\n\n\n<hr class=\"wp-block-separator has-text-color has-black-color has-css-opacity has-black-background-color has-background is-style-wide\"\/>\n\n\n\n<h2 class=\"wp-block-heading has-text-align-center\">REMZ\u0130 G\u00d6KDA\u011e\u2019IN \u2018PARK OTEL OLAYI\u2019<\/h2>\n\n\n\n<p class=\"has-text-align-center is-style-cnvs-paragraph-callout has-medium-font-size\"><em>23 May\u0131s 1993 g\u00fcn\u00fc Cumhuriyet Kitap Ek&#8217;nde yay\u0131nlanan Oktay Ekinci&#8217;nin yaz\u0131s\u0131<\/em><\/p>\n\n\n\n<figure class=\"wp-block-image size-full\"><img loading=\"lazy\" decoding=\"async\" width=\"770\" height=\"800\" src=\"https:\/\/www.remgo.com\/11\/wp-content\/uploads\/2006\/12\/96.5.23_p11_kitapeki_b.jpg\" alt=\"23 May\u0131s 1993 tarihli Cumhuriyet Gazetesi Kitap Eki\" class=\"wp-image-1127\" title=\"\" srcset=\"https:\/\/www.remgo.com\/11\/wp-content\/uploads\/2006\/12\/96.5.23_p11_kitapeki_b.jpg 770w, https:\/\/www.remgo.com\/11\/wp-content\/uploads\/2006\/12\/96.5.23_p11_kitapeki_b-60x62.jpg 60w\" sizes=\"auto, (max-width: 770px) 100vw, 770px\" \/><figcaption><\/figcaption><\/figure>\n\n\n\n<p>1993 y\u0131l\u0131na dek \u0130stanbul\u2019a gelen yabanc\u0131lar, hele bir de mimari veya \u015fehircilikle ilgili iseler, Avazpa\u015fa s\u0131rtlar\u0131nda g\u00f6klere dogru y\u00fckselen ve koca bir mahalleyi dev k\u00fctlesiyle ezercesine \u00e7i\u011fneyen azman Park Otel binas\u0131na bak\u0131p, kent siluetinde b\u00f6ylesi bir i\u015fgale nas\u0131l izin verildi\u011fini merak ederlerdi. \u00c7evre sakinlerinin ve Mimarlar Odas\u0131\u2019n\u0131n&nbsp;<strong>\u2018kentlilik tarihine\u2019<\/strong>&nbsp;ge\u00e7en hukuk m\u00fccadelesi ve kampanyalar\u0131ndan sonra mahkeme taraf\u0131ndan&nbsp;<strong>\u2018y\u0131k\u0131ma\u2019<\/strong>&nbsp;karar verilen Park Otel\u2019in&nbsp;<strong>\u2018hukuka ayk\u0131r\u0131 fazla katlar\u0131\u2019<\/strong>&nbsp;d\u00f6nemin&nbsp;<strong>B\u00fcy\u00fck\u015fehir Belediye Ba\u015fkan\u0131 Nurettin S\u00f6zen<\/strong>&nbsp;taraf\u0131ndan \u0130stanbul sil\u00fcetinden ternizlendi. \u015eimdi, haziran ay\u0131nda bu kez&nbsp;<em>HABITAT-2<\/em>&nbsp;i\u00e7in \u0130stanbul\u2019a gelecek binlerce uzman ise bu fazla katlar\u0131 y\u0131k\u0131lm\u0131\u015f dev binan\u0131n sanki terk edilmi\u015f gibi duran ana k\u00fctlesinin ba\u015f\u0131na gelenleri yine merak edecekler. 1990\u2019l\u0131 y\u0131llarda olan\u0131 biteni gen\u00e7 bir Cumhuriyet muhabiri olarak s\u00fcrekli izleyen ve haberleriyle kamuoyuna yans\u0131tan Remzi G\u00f6kda\u011f\u2019\u0131n \u2018<a href=\"https:\/\/www.kitapyurdu.com\/kitap\/park-otel-olayi\/27107.html\" target=\"_blank\" rel=\"noreferrer noopener nofollow\">Park Otel Olay\u0131<\/a>\u2018 adl\u0131 kitab\u0131, elbette sadece bu merak\u0131 gidermek i\u00e7in de\u011fil, HABITAT s\u00fcrecinde \u2018kente kar\u015f\u0131 su\u00e7\u2019 kavram\u0131n\u0131n ne anlama geldi\u011fini bu konudaki en \u00e7arp\u0131c\u0131 \u00f6rnekten hareketle irdelenmesi a\u00e7\u0131s\u0131ndan da \u00f6nem ta\u015f\u0131yor. Park Otel olay\u0131, asl\u0131nda bir dev binan\u0131n de\u011fil, T\u00fcrkiye\u2019nin son y\u0131llarda tan\u0131k oldu\u011fu \u2018ayr\u0131cal\u0131kl\u0131 imar izinlerine\u2019 dayal\u0131 kentle\u015fme politikas\u0131n\u0131n ibret verici \u00f6yk\u00fcs\u00fcnden bir kesit.<\/p>\n\n\n\n<hr class=\"wp-block-separator has-text-color has-black-color has-css-opacity has-black-background-color has-background is-style-wide\"\/>\n\n\n\n<h4 class=\"wp-block-heading has-text-align-center\"><em>Rag\u0131p Duran\u2019\u0131n EP Medya Dergisi\u2019nde yazd\u0131\u011f\u0131 Park otel yaz\u0131s\u0131\u2026<\/em><\/h4>\n\n\n\n<h2 class=\"wp-block-heading has-text-align-center\">BELED\u0130YE MUHAB\u0130R\u0130 G\u00d6KDELENE KAR\u015eI<\/h2>\n\n\n\n<div class=\"wp-block-columns cnvs-block-core-columns-1646312873096 is-layout-flex wp-container-core-columns-is-layout-9d6595d7 wp-block-columns-is-layout-flex\">\n<div class=\"wp-block-column is-layout-flow wp-block-column-is-layout-flow\">\n<p><em><strong>\u201cSemt sakinlerinin Cennet Bah\u00e7esindeki toplant\u0131s\u0131ndan \u00e7ok etkilenmi\u015ftim. Konunun pe\u015fini ondan sonra hi\u00e7 b\u0131rakmad\u0131m\u201d diyen bir gazeteci \u00e7abas\u0131. RAGIP DURAN<\/strong><\/em><\/p>\n\n\n\n<p><em>\u201cSemt sakinleri,\u00a0<strong>24 Kas\u0131m 1991<\/strong>\u00a0tarihinde beton devin bir ka\u00e7 metre ilerisindeki\u00a0<strong>Cennet \u00c7ay Bah\u00e7esinde<\/strong>\u00a0topland\u0131lar. G\u00fcne\u015fli bir hafta sonu yap\u0131lan bu toplant\u0131da in\u015fsata g\u00f6sterdikleri tepki ve bir \u015fey yapamaman\u0131n \u00e7aresizli\u011fi belli oluyordu. Yakla\u015f\u0131k 30 ki\u015filik grupta konu\u015fmak isteyen s\u00f6z al\u0131yor, tepkisini dile getirdikten sonra bir ba\u015fkas\u0131 s\u00f6ze ba\u015fl\u0131yordu. Toplant\u0131da imza kampanyalar\u0131, Ankara\u2019ya telgraf, fiili eylemler gibi \u00e7e\u015fitli \u00f6neriler tart\u0131\u015f\u0131ld\u0131. Sabah saatlerinde ba\u015flayan toplant\u0131 13.00\u2019te bitti. (\u2026)\u201d<\/em><\/p>\n\n\n\n<p>Gazeteci G\u00f6kda\u011f\u2019a, bug\u00fcn&nbsp;<em><strong>\u201cSizi, Park Otel konusunu b\u0131kmadan usanmadan izleyip sonunda bir kitap yazmaya kadar g\u00f6t\u00fcren temel d\u00fcrt\u00fc nedir?\u201d<\/strong><\/em>&nbsp;diye sordu\u011fumuzda, kitab\u0131n\u0131n 20. sayfas\u0131ndaki bu b\u00f6l\u00fcm\u00fc okuyor ve kitaba alamad\u0131\u011f\u0131 ayr\u0131nt\u0131lar\u0131 aktar\u0131yor:<em>&nbsp;\u201cSemt sakinleri ola\u011fan\u00fcst\u00fc kararl\u0131yd\u0131. Ayaspa\u015fa\u2019daki o g\u00fczelim eski evlerde oturan ya\u015fl\u0131 ba\u015fl\u0131 beyefendiler, han\u0131mefendiler, ama ger\u00e7ekten eski Istanbullular, bir araya gelip semtlerine sahip \u00e7\u0131kma bilincini g\u00f6steriyorlard\u0131. Bu beni \u00e7ok etkiledi. O g\u00fcnk\u00fc toplant\u0131da, a\u00e7l\u0131k grevinder\u0131, Park Oteli dinamitlemeye, Ankara\u2019ya y\u00fcr\u00fcy\u00fc\u015f d\u00fczenlemekten helikopterle bildiriyi da\u011f\u0131tmaya kadar bir s\u00fcr\u00fc eylem geldi g\u00fcndeme.\u201d<\/em><\/p>\n\n\n\n<p><strong>\u201cBeton Dev\u201d, \u201cKent Su\u00e7u Abidesi\u201d,\u201dBeton Canavar\u201d, \u201cKentsel Cinayet\u201d, \u201cHukuk, demokrasi ve kent sil\u00fcetinin i\u011ffali\u201d<\/strong>&nbsp;gibi deyimlerle an\u0131lan Park Otel konusunda, duyarl\u0131, ciddi \u00e7al\u0131\u015fan ve bak\u0131\u015f a\u00e7\u0131s\u0131 esas olarak \u00e7evre sakinlerininkiyle paralel olmas\u0131na ra\u011fmen ilgili&nbsp;<strong>t\u00fcm taraflar\u0131n g\u00f6r\u00fc\u015f ve tutumlar\u0131n\u0131 yanl\u0131 bir \u015fekilde aktaran<\/strong>&nbsp;bir gazetecinin belgelere dayal\u0131 \u00e7al\u0131\u015fmas\u0131 bir kitap.<\/p>\n\n\n\n<p>Kitab\u0131n bir \u00f6zelli\u011fi de\u00a0<em>&#8220;<strong>bir tek bina \u00fczerine yaz\u0131lm\u0131\u015f ilk ve tek inceleme<\/strong>&#8221; <\/em>olmas\u0131. Ancak Park Otel biraz da \u0130stanbul\u2019daki t\u00fcm g\u00f6kdelen tart\u0131\u015fmas\u0131n\u0131n ilgin\u00e7 bir \u00f6rne\u011fi. Zaten bu tart\u0131\u015fmaya taraf olanlar\u0131n tutumu da i\u015fin sadece Park Otel\u2019le ilgili olmad\u0131\u011f\u0131n\u0131 g\u00f6steriyor.<\/p>\n\n\n\n<p>Marmara\u2019dan Karadeniz\u2019e do\u011fru gemiyle \u00e7\u0131karken sol tarafa bak\u0131ld\u0131\u011f\u0131nda olas\u0131 33 katl\u0131 bu garabetin her t\u00fcrl\u00fc yasa, t\u00fcz\u00fck ve d\u00fczen \u00e7i\u011fnenerek nas\u0131l dikilebildi\u011finin \u00f6yk\u00fcs\u00fcn\u00fc G\u00f6kda\u011f\u2019\u0131n kaleminden \u00f6\u011frenmek \u00fcz\u00fcnt\u00fc verse de \u00e7aresiz olunmamas\u0131 gerekti\u011fini anlat\u0131yor.<\/p>\n\n\n\n<p><\/p>\n<\/div>\n\n\n\n<div class=\"wp-block-column is-vertically-aligned-top is-layout-flow wp-block-column-is-layout-flow\">\n<figure class=\"wp-block-image size-full is-style-default\"><img loading=\"lazy\" decoding=\"async\" width=\"800\" height=\"1034\" src=\"https:\/\/www.remgo.com\/11\/wp-content\/uploads\/2021\/11\/parkotelyazi.jpg\" alt=\"\" class=\"wp-image-62391\" title=\"\" srcset=\"https:\/\/www.remgo.com\/11\/wp-content\/uploads\/2021\/11\/parkotelyazi.jpg 800w, https:\/\/www.remgo.com\/11\/wp-content\/uploads\/2021\/11\/parkotelyazi-60x78.jpg 60w\" sizes=\"auto, (max-width: 800px) 100vw, 800px\" \/><figcaption class=\"wp-element-caption\"><strong>PARK OTEL CiNAYET\u0130\/ REMZI G\u00d6KDA\u011e<\/strong><\/figcaption><\/figure>\n\n\n\n<p>\u0130n\u015faat \u015fimdilik 18. katda durmu\u015f durumda. Kabul edilen ilk projeye g\u00f6re bina 33 katl\u0131 olacak. Ancak Dan\u0131\u015ftay\u2019\u0131n iptal karar\u0131 var. Ama nas\u0131l uygulanaca\u011f\u0131 hen\u00fcz belli de\u011fil. \u0130n\u015faat sahibi\u00a0<strong>Yal\u00e7\u0131n S\u00fcrmeli<\/strong>\u2018nin tutumu da ilgin\u00e7. Hazine\u2019den al\u0131nan krediyle s\u00fcrd\u00fcr\u00fcyor in\u015faat\u0131,\u00a0<em>\u201c\u0130n\u015faat durdurulursa, devlet zarar ediyor. Bana izin verdiler, in\u015faata ba\u015flad\u0131m\u201d<\/em>\u00a0diyor.<\/p>\n\n\n\n<p>G\u00f6kda\u011f t\u00fcm geli\u015fmeleri g\u00fcn\u00fc g\u00fcn\u00fcne izlemi\u015f bir muhabir. Kitab\u0131nda ger\u00e7ek bir Park Otel cinayetine kurban giden yurtta\u015f\u0131n \u00f6yk\u00fcs\u00fcnden, \u00e7evresini korumakta kararl\u0131 Tun\u00e7 ailesinin hukuki m\u00fccadelesine kadar bir dizi canl\u0131 renkli olaya da yer veriyor.<\/p>\n\n\n\n<p><em>\u201cPark Otel konsunda geni\u015f bir ar\u015fivim var. Kup\u00fcr ar\u015fivi. Kitab\u0131 kaleme al\u0131rken bu kup\u00fcrlerden yola \u00e7\u0131kt\u0131m ama haberlerde yazamad\u0131\u011f\u0131m baz\u0131 noktalar vard\u0131. Biraz yorum ekldim, i\u015fin perde arkas\u0131yla ilgili ek bilgileri katt\u0131m.\u201d<\/em>&nbsp;diyor.<\/p>\n\n\n\n<p>G\u00f6kda\u011f, son 5 y\u0131l i\u00e7inde Cumhuriyet gazetesinde Park Otel konusunda&nbsp;<strong>100\u2019\u00fc a\u015fk\u0131n haber, inceleme&nbsp;<\/strong>yay\u0131nlanm\u0131\u015f. Bu haberlerin hi\u00e7 birini ne Belediye, ne in\u015faat sahibi ne de konuyla ilgili ki\u015fi ya da kurumlar tekzip etmi\u015f. Aksine t\u00fcm bu \u00e7evrelerde Remzi G\u00f6kda\u011f ad\u0131 Park Otel kampanyas\u0131n\u0131n bas\u0131ndaki imzas\u0131 olarak biliniyor.<\/p>\n\n\n\n<p>Ancak G\u00f6kda\u011f Dolmabah\u00e7e\u2019de stad\u0131n arkas\u0131na dikilmekte olan bir ba\u015fka g\u00f6kdelenle ilgili olarak yay\u0131nlad\u0131\u011f\u0131 bir tek haber nedeniyle 2 milyar liral\u0131k bir tazminat davas\u0131nda san\u0131k durumunda.<br>G\u00f6kda\u011f\u2019\u0131n \u00e7al\u0131\u015fmas\u0131, \u00f6zel olarak da gazeteci olarak kaleme ald\u0131\u011f\u0131 inceleme kitab\u0131, her t\u00fcrl\u00fc mesleki \u00f6vg\u00fcye lay\u0131k. Esas olarak da gazetecilerin, Belediyeler, h\u00fck\u00fcmetler, siyasi partiler ve holdinglerle ne t\u00fcr ili\u015fkileri olmas\u0131 gerekti\u011fini g\u00f6steren bir \u00e7al\u0131\u015fma.<\/p>\n\n\n\n<p><em><strong>Rag\u0131p Duran \u2013 Kas\u0131m 1992\/Sayfa 62 EP Medya<\/strong><\/em><\/p>\n<\/div>\n<\/div>\n","protected":false},"excerpt":{"rendered":"<p>1993 y\u0131l\u0131na dek \u0130stanbul&#8217;a gelen yabanc\u0131lar, hele bir de mimari veya \u015fehircilikle ilgili iseler, Avazpa\u015fa s\u0131rtlar\u0131nda g\u00f6klere dogru y\u00fckselen ve koca bir mahalleyi dev k\u00fctlesiyle ezercesine \u00e7i\u011fneyen azman Park Otel binas\u0131na bak\u0131p, kent siluetinde b\u00f6ylesi bir i\u015fgale nas\u0131l izin verildi\u011fini merak ederlerdi.<\/p>\n","protected":false},"author":1,"featured_media":58277,"comment_status":"closed","ping_status":"closed","sticky":false,"template":"","format":"standard","meta":{"footnotes":""},"categories":[10],"tags":[660],"class_list":["post-2528","post","type-post","status-publish","format-standard","has-post-thumbnail","hentry","category-kitap","tag-park-otel-olayi"],"_links":{"self":[{"href":"https:\/\/www.remgo.com\/11\/wp-json\/wp\/v2\/posts\/2528","targetHints":{"allow":["GET"]}}],"collection":[{"href":"https:\/\/www.remgo.com\/11\/wp-json\/wp\/v2\/posts"}],"about":[{"href":"https:\/\/www.remgo.com\/11\/wp-json\/wp\/v2\/types\/post"}],"author":[{"embeddable":true,"href":"https:\/\/www.remgo.com\/11\/wp-json\/wp\/v2\/users\/1"}],"replies":[{"embeddable":true,"href":"https:\/\/www.remgo.com\/11\/wp-json\/wp\/v2\/comments?post=2528"}],"version-history":[{"count":0,"href":"https:\/\/www.remgo.com\/11\/wp-json\/wp\/v2\/posts\/2528\/revisions"}],"wp:featuredmedia":[{"embeddable":true,"href":"https:\/\/www.remgo.com\/11\/wp-json\/wp\/v2\/media\/58277"}],"wp:attachment":[{"href":"https:\/\/www.remgo.com\/11\/wp-json\/wp\/v2\/media?parent=2528"}],"wp:term":[{"taxonomy":"category","embeddable":true,"href":"https:\/\/www.remgo.com\/11\/wp-json\/wp\/v2\/categories?post=2528"},{"taxonomy":"post_tag","embeddable":true,"href":"https:\/\/www.remgo.com\/11\/wp-json\/wp\/v2\/tags?post=2528"}],"curies":[{"name":"wp","href":"https:\/\/api.w.org\/{rel}","templated":true}]}}