{"id":105,"date":"2006-03-01T23:36:00","date_gmt":"2006-03-01T20:36:00","guid":{"rendered":"http:\/\/www.remgo.com\/11\/?p=105"},"modified":"2026-01-19T19:51:44","modified_gmt":"2026-01-19T16:51:44","slug":"okurlara-veda","status":"publish","type":"post","link":"https:\/\/www.remgo.com\/11\/okurlara-veda\/","title":{"rendered":"Okurlara Veda"},"content":{"rendered":"<div class=\"wp-block-image size-large cnvs-block-core-image-1617188940912 is-style-default\">\n<figure class=\"aligncenter cnvs-block-core-image-1617198648828\"><a href=\"https:\/\/www.remgo.com\/11\/usa-turkish-times\/\"><img wpfc-lazyload-disable=\"true\" decoding=\"async\" src=\"https:\/\/www.remgo.com\/11\/wp-content\/uploads\/2005\/06\/usa_turkish_times.png\" alt=\"USA Turkish Times\" title=\"\"><\/a><figcaption class=\"wp-element-caption\"><a href=\"https:\/\/www.remgo.com\/11\/usa-turkish-times\/\">Remzi G\u00f6kda\u011f &#8211; USA Turkish Times ar\u015fivi<\/a><\/figcaption><\/figure>\n<\/div>\n\n\n<p>Ge\u00e7ti\u011fimiz may\u0131s ay\u0131nda gazeteyle ilgili ilk \u00e7al\u0131\u015fmalara ba\u015flad\u0131\u011f\u0131m\u0131zda bu yolculu\u011fun uzun \u00f6m\u00fcrl\u00fc olmas\u0131n\u0131 dilemi\u015ftik. Aradan yakla\u015f\u0131k dokuz ay ge\u00e7mi\u015f. Bir gazete \u00f6mr\u00fc i\u00e7in k\u0131sa say\u0131labilecek bu s\u00fcre insan ya\u015fam\u0131 i\u00e7in g\u00f6zden ka\u00e7mayacak kadar uzun bir zaman dilimi asl\u0131nda. <\/p>\n\n\n\n<p>Amerika\u2019da ya\u015fayan T\u00fcrk toplumunu ilgilendiren g\u00fcndem maddelerini her say\u0131m\u0131zda s\u0131ralamaya \u00e7al\u0131\u015f\u0131rken zaman zaman da gazetemizin hedef ve ama\u00e7lar\u0131n\u0131 anlatarak, bu s\u00fctundan sorular\u0131n\u0131za yan\u0131t vermeye \u00e7al\u0131\u015ft\u0131m. Bu say\u0131da da bir \u2018g\u00f6rev devri\u2019nden bahsetmek istiyorum. Edit\u00f6r olarak y\u00fcr\u00fctt\u00fc\u011f\u00fcm g\u00f6revimi gazeteyi haz\u0131rlayacak olan di\u011fer arkada\u015flar\u0131ma devrediyorum.<\/p>\n\n\n\n<p>Ge\u00e7ti\u011fimiz y\u0131l may\u0131s ay\u0131nda USA Turkish Times\u2019\u0131n temellerini atarken gazetenin ama\u00e7 ve hedeflerini de belirlemi\u015ftik. Bu hedeflerimizin ba\u015f\u0131nda ABD\u2019de ya\u015fayan T\u00fcrklerin sesini daha g\u00fcr bir \u015fekilde duyurmak, sizlere bu \u00fclkede ya\u015fayan T\u00fcrkler hakk\u0131nda haberleri tarafs\u0131z olarak duyurmak geliyordu. Aradan ge\u00e7en zaman i\u00e7inde bu hedefler do\u011frultusunda y\u00fcr\u00fcd\u00fck. Hi\u00e7bir siyasi g\u00f6r\u00fc\u015f\u00fcn s\u00f6zc\u00fcl\u00fc\u011f\u00fcn\u00fc yapmadan, hi\u00e7bir kurum ya da kurulu\u015fun etkisi alt\u0131nda kalmadan ba\u011f\u0131ms\u0131z bir gazeteyi yakla\u015f\u0131k bir y\u0131l boyunca aral\u0131ks\u0131z olarak siz okurlara iletmeye \u00e7al\u0131\u015ft\u0131k. B\u00f6yle bir \u00e7al\u0131\u015fma ortam\u0131nda \u00e7al\u0131\u015fmaktan \u00f6t\u00fcr\u00fc duydu\u011fum mutlulu\u011fu bu sat\u0131rlar arac\u0131l\u0131\u011f\u0131yla sizlerle payla\u015fmak istiyorum.Yakla\u015f\u0131k bir y\u0131l \u00f6nce ba\u015flad\u0131\u011f\u0131m bu yolculu\u011fu California\u2019da kar\u015f\u0131la\u015ft\u0131\u011f\u0131m \u2018g\u00fczel bir s\u00fcrpriz\u2019 olarak tan\u0131mlam\u0131\u015ft\u0131m.<br>Evet, bu gazete hepimiz i\u00e7in g\u00fczel bir s\u00fcrpriz oldu.<\/p>\n\n\n\n<p>Bizler bu sayede sizlerle tan\u0131\u015fma f\u0131rsat\u0131 bulurken sizler de ABD\u2019nin farkl\u0131 k\u00f6\u015felerinde ya\u015fayan T\u00fcrklerden ve onlar\u0131n ba\u015far\u0131lar\u0131ndan haberdar oldunuz.<\/p>\n\n\n\n<p>Ge\u00e7en s\u00fcreyi birka\u00e7 sat\u0131ra s\u0131\u011fd\u0131rmak elbette ki imkans\u0131z.<\/p>\n\n\n\n<p>\u0130ni\u015fli, \u00e7\u0131k\u0131\u015fl\u0131, heyecanl\u0131, zaman zaman s\u0131k\u0131nt\u0131l\u0131, ama genel olarak zevkli bir d\u00f6nemdi. G\u00fcnler s\u00fcren heyecanl\u0131 ilk haz\u0131rl\u0131k d\u00f6nemi, ilk say\u0131ya ula\u015fabilmek i\u00e7in sabah\u0131n ilk \u0131\u015f\u0131klar\u0131yla matbaaya yapt\u0131\u011f\u0131m\u0131z yolculuk, toplant\u0131lar\u0131m\u0131z, nefes almadan gazeteyi bask\u0131ya yeti\u015ftirmeye \u00e7al\u0131\u015ft\u0131\u011f\u0131m\u0131z g\u00fcnler, bizlere haberleriyle katk\u0131da bulunan, heyecan\u0131m\u0131z\u0131 payla\u015fan \u00e7ok say\u0131da arkada\u015f\u0131m\u0131zla ya\u015fad\u0131\u011f\u0131m\u0131z unutulmaz dayan\u0131\u015fma\u2026<\/p>\n\n\n\n<p>Az \u00f6nce de bahsetti\u011fim gibi ge\u00e7en s\u00fcreyi birka\u00e7 sat\u0131ra s\u0131\u011fd\u0131rmak kolay de\u011fil\u2026<\/p>\n\n\n\n<p>Zaman\u0131n h\u0131z\u0131ndan bahsediyordum. G\u00fcnl\u00fck sorumluluklar\u0131m\u0131z\u0131 yerine getirirken hissedemedi\u011fimiz bu h\u0131z soluklan\u0131p nefes ald\u0131\u011f\u0131m\u0131z anlarda kendini belli ediyor.<\/p>\n\n\n\n<p>Geriye d\u00f6n\u00fcp bakt\u0131\u011f\u0131mda sizlere verdi\u011fimiz s\u00f6z\u00fc tuttu\u011fumuza inan\u0131yorum. \u00ddlk g\u00fcnden beri duyurdu\u011fumuz tarafs\u0131zl\u0131k ve do\u011fru haber ilkemize bug\u00fcne dek sad\u0131k kald\u0131\u011f\u0131m\u0131z\u0131 bilmek ald\u0131\u011f\u0131m\u0131z sorumlulu\u011fun y\u00fck\u00fcn\u00fc az da olsa hafifletiyor.<\/p>\n\n\n\n<p>Evet, bu bir veda yaz\u0131s\u0131.<\/p>\n\n\n\n<p>Ac\u0131-tatl\u0131, iyi-k\u00f6t\u00fc an\u0131larla bu s\u00fctundan sizlere veda ederken, i\u00e7ten ilgisiyle USA Turkish Times\u2019\u0131 yaln\u0131z b\u0131rakmayan okurlar\u0131m\u0131za da g\u00f6sterdikleri ilgiden dolay\u0131 te\u015fekk\u00fcr etmek istiyorum.<\/p>\n\n\n\n<p>Ayn\u0131 \u015fekilde, ba\u015f\u0131ndan beri bu i\u015fin manevi hazz\u0131na inanarak i\u015fbirli\u011fini esirgemeyen USA Turkish Times \u00e7al\u0131\u015fanlar\u0131na da bir te\u015fekk\u00fcr borcum var. Bayra\u011f\u0131 \u015fimdi di\u011fer arkada\u015flar\u0131m devralacak, USA Turkish Times Amerika\u2019daki T\u00fcrk toplumuna yak\u0131\u015f\u0131r bir \u015fekilde yay\u0131nlanmaya devam edecek.<\/p>\n\n\n\n<p>Uzun vedala\u015fmalardan pek ho\u015flanmam, hatta veda kavram\u0131n\u0131n varl\u0131\u011f\u0131na kar\u015f\u0131 \u015f\u00fcphe duysam da sizlere gazeteyi ilgilendiren bu geli\u015fmeyi aktarman\u0131n do\u011fru oldu\u011funa inan\u0131yorum.<\/p>\n\n\n\n<p>Yolunuz a\u00e7\u0131k olsun\u2026<\/p>\n\n\n\n<p>Farkl\u0131 yolculuk ve duraklarda tekrar g\u00f6r\u00fc\u015fmek \u00fcmidiyle hepinize ho\u015f\u00e7akal\u0131n diyorum.<\/p>\n\n\n\n<figure class=\"wp-block-image size-large is-resized is-style-default\"><img loading=\"lazy\" decoding=\"async\" src=\"https:\/\/www.remgo.com\/11\/wp-content\/uploads\/2021\/04\/remzi_gokdag.png\" alt=\"Remzi G\u00f6kda\u011f\" class=\"wp-image-61437\" width=\"227\" height=\"75\" title=\"\" srcset=\"https:\/\/www.remgo.com\/11\/wp-content\/uploads\/2021\/04\/remzi_gokdag.png 302w, https:\/\/www.remgo.com\/11\/wp-content\/uploads\/2021\/04\/remzi_gokdag-60x20.png 60w\" sizes=\"auto, (max-width: 227px) 100vw, 227px\" \/><figcaption class=\"wp-element-caption\"><strong>01.03.200<\/strong>6<\/figcaption><\/figure>\n\n\n<div class=\"wp-block-image is-style-default\">\n<figure class=\"aligncenter size-large is-resized cnvs-block-core-image-1617187745699\"><img loading=\"lazy\" decoding=\"async\" src=\"https:\/\/www.remgo.com\/11\/wp-content\/uploads\/2005\/06\/usa_turkish_times.png\" alt=\"USA Turkish Times\" class=\"wp-image-61206\" width=\"240\" height=\"32\" title=\"\" srcset=\"https:\/\/www.remgo.com\/11\/wp-content\/uploads\/2005\/06\/usa_turkish_times.png 320w, https:\/\/www.remgo.com\/11\/wp-content\/uploads\/2005\/06\/usa_turkish_times-60x8.png 60w\" sizes=\"auto, (max-width: 240px) 100vw, 240px\" \/><figcaption class=\"wp-element-caption\"><strong>REMZ\u0130 G\u00d6KDA\u011e<\/strong><br>USA Turkish Times Yay\u0131n Y\u00f6netmeni<\/figcaption><\/figure>\n<\/div>","protected":false},"excerpt":{"rendered":"<p>Ge\u00e7ti\u011fimiz may\u0131s ay\u0131nda gazeteyle ilgili ilk \u00e7al\u0131\u015fmalara ba\u015flad\u0131\u011f\u0131m\u0131zda bu yolculu\u011fun uzun \u00f6m\u00fcrl\u00fc olmas\u0131n\u0131 dilemi\u015ftik. Aradan yakla\u015f\u0131k dokuz ay ge\u00e7mi\u015f. Bir gazete \u00f6mr\u00fc i\u00e7in k\u0131sa say\u0131labilecek bu s\u00fcre insan ya\u015fam\u0131 i\u00e7in g\u00f6zden ka\u00e7mayacak kadar uzun bir zaman dilimi asl\u0131nda. Amerika\u2019da ya\u015fayan T\u00fcrk toplumunu ilgilendiren g\u00fcndem maddelerini her say\u0131m\u0131zda s\u0131ralamaya \u00e7al\u0131\u015f\u0131rken zaman zaman da gazetemizin hedef ve ama\u00e7lar\u0131n\u0131 anlatarak, bu s\u00fctundan sorular\u0131n\u0131za yan\u0131t vermeye \u00e7al\u0131\u015ft\u0131m. Bu say\u0131da da bir \u2018g\u00f6rev devri\u2019nden bahsetmek istiyorum. Edit\u00f6r olarak y\u00fcr\u00fctt\u00fc\u011f\u00fcm g\u00f6revimi gazeteyi haz\u0131rlayacak olan di\u011fer arkada\u015flar\u0131ma devrediyorum. Ge\u00e7ti\u011fimiz y\u0131l may\u0131s ay\u0131nda USA Turkish Times\u2019\u0131n temellerini atarken gazetenin ama\u00e7 ve hedeflerini de belirlemi\u015ftik. Bu hedeflerimizin ba\u015f\u0131nda ABD\u2019de<\/p>\n","protected":false},"author":1,"featured_media":61206,"comment_status":"closed","ping_status":"closed","sticky":false,"template":"","format":"standard","meta":{"footnotes":""},"categories":[661],"tags":[],"class_list":["post-105","post","type-post","status-publish","format-standard","has-post-thumbnail","hentry","category-usa-turkish-times"],"_links":{"self":[{"href":"https:\/\/www.remgo.com\/11\/wp-json\/wp\/v2\/posts\/105","targetHints":{"allow":["GET"]}}],"collection":[{"href":"https:\/\/www.remgo.com\/11\/wp-json\/wp\/v2\/posts"}],"about":[{"href":"https:\/\/www.remgo.com\/11\/wp-json\/wp\/v2\/types\/post"}],"author":[{"embeddable":true,"href":"https:\/\/www.remgo.com\/11\/wp-json\/wp\/v2\/users\/1"}],"replies":[{"embeddable":true,"href":"https:\/\/www.remgo.com\/11\/wp-json\/wp\/v2\/comments?post=105"}],"version-history":[{"count":0,"href":"https:\/\/www.remgo.com\/11\/wp-json\/wp\/v2\/posts\/105\/revisions"}],"wp:featuredmedia":[{"embeddable":true,"href":"https:\/\/www.remgo.com\/11\/wp-json\/wp\/v2\/media\/61206"}],"wp:attachment":[{"href":"https:\/\/www.remgo.com\/11\/wp-json\/wp\/v2\/media?parent=105"}],"wp:term":[{"taxonomy":"category","embeddable":true,"href":"https:\/\/www.remgo.com\/11\/wp-json\/wp\/v2\/categories?post=105"},{"taxonomy":"post_tag","embeddable":true,"href":"https:\/\/www.remgo.com\/11\/wp-json\/wp\/v2\/tags?post=105"}],"curies":[{"name":"wp","href":"https:\/\/api.w.org\/{rel}","templated":true}]}}