{"id":103704,"date":"2023-03-31T12:46:00","date_gmt":"2023-03-31T09:46:00","guid":{"rendered":"https:\/\/www.remgo.com\/11\/?p=103704"},"modified":"2026-03-31T12:58:43","modified_gmt":"2026-03-31T09:58:43","slug":"remzi-gokdag-ile-soylesi","status":"publish","type":"post","link":"https:\/\/www.remgo.com\/11\/remzi-gokdag-ile-soylesi\/","title":{"rendered":"Remzi G\u00f6kda\u011f ile S\u00f6yle\u015fi"},"content":{"rendered":"\n<p>Gazetecilikle ba\u015flayan yolculu\u011funu edebiyatla derinle\u015ftiren Remzi G\u00f6kda\u011f, \u015fehirlerin ruhunu, ya\u015fam\u0131n ayr\u0131nt\u0131lar\u0131 ve zaman\u0131n izlerini yaz\u0131ya d\u00f6n\u00fc\u015ft\u00fcren bir yazar olarak tan\u0131n\u0131yor. <a href=\"https:\/\/www.kahvve.com\/eski-istanbula-nostaljik-yolculuk-sevgili-istanbul-1876\/\" data-type=\"post\" data-id=\"1876\" rel=\"nofollow noopener\" target=\"_blank\">Sevgili \u0130stanbul<\/a> ve <a href=\"https:\/\/www.kahvve.com\/efsane-isimlerin-izinde-baska-sehirler-26415\/\" data-type=\"post\" data-id=\"26415\" rel=\"nofollow noopener\" target=\"_blank\">Ba\u015fka \u015eehirler<\/a> adl\u0131 kitaplar\u0131yla mek\u00e2n\u0131 bir karaktere d\u00f6n\u00fc\u015ft\u00fcren G\u00f6kda\u011f, \u015fu s\u0131ralar Dubai\u2019de ya\u015f\u0131yor ve modernli\u011fin i\u00e7inde ge\u00e7mi\u015fin izini s\u00fcr\u00fcyor. Onun i\u00e7in yazmak, tan\u0131k oldu\u011fu olaylara \u0131\u015f\u0131k tutmak gibi.<\/p>\n\n\n\n<h2 class=\"wp-block-heading\">&#8220;\u015eehirleri Anlatmak, Zamana Tan\u0131kl\u0131k Etmektir&#8221;<\/h2>\n\n\n\n<p>Kahvve.com&#8217;un bu haftaki konu\u011fu gazeteci-yazar <a href=\"https:\/\/www.remgo.com\/11\/remzigokdag\/\" data-type=\"link\" data-id=\"https:\/\/www.remgo.com\/11\/remzigokdag\/\" target=\"_blank\" rel=\"noreferrer noopener\">Remzi G\u00f6kda\u011f<\/a>. Konumuz \u015fehirler, insanlar ve yaz\u0131n\u0131n zamana kar\u015f\u0131 direnen b\u00fcy\u00fcs\u00fcyd\u00fc.<\/p>\n\n\n\n<p><em>Soru: Gazetecili\u011fe nas\u0131l ba\u015flad\u0131n\u0131z? Bu meslek sizin i\u00e7in bir \u201cse\u00e7im\u201d miydi, yoksa hayat\u0131n sizi y\u00f6nlendirdi\u011fi bir yol mu?<\/em><\/p>\n\n\n\n<p>Remzi G\u00f6kda\u011f: Asl\u0131nda her \u015fey merakla ba\u015flad\u0131. \u00c7ocukken elimdeki gazeteleri ba\u015ftan sona okurdum; sadece haberleri de\u011fil, ilanlar\u0131, k\u00f6\u015fe yaz\u0131lar\u0131n\u0131, hatta matbaa hatalar\u0131n\u0131 bile incelerdim. Yaz\u0131n\u0131n g\u00fcc\u00fcyle ilk tan\u0131\u015fmam o d\u00f6nemde oldu. Bir c\u00fcmleyle d\u00fcnyan\u0131n \u00f6b\u00fcr ucundaki bir insan\u0131 etkileyebilmek beni b\u00fcy\u00fcledi. \u00dcniversite y\u0131llar\u0131nda gazetecili\u011fe y\u00f6neldim. Benim i\u00e7in yazmak bir tan\u0131kl\u0131k bi\u00e7imiydi. Bug\u00fcn h\u00e2l\u00e2 \u00f6yle.<\/p>\n\n\n\n<p><em>Soru: Gazetecilikten yazarl\u0131\u011fa ge\u00e7i\u015f nas\u0131l oldu?<\/em><\/p>\n\n\n\n<p>RG: Asl\u0131nda birbirinden \u00e7ok uzak alanlar de\u011fil. Gazetecilik bana g\u00f6zlem yapmay\u0131, insanlar\u0131 dinlemeyi \u00f6\u011fretti. Yazarl\u0131k ise o g\u00f6zlemleri zamans\u0131z bir dile d\u00f6n\u00fc\u015ft\u00fcrmektir. \u0130lk kitab\u0131m Park Otel Olay\u0131&#8217;nda \u201ccezas\u0131 olmayan\u201d a\u011f\u0131r bir su\u00e7un kronolojik \u00f6yk\u00fcs\u00fcn\u00fc anlatt\u0131m. \u0130stanbul\u2019daki Park Otel, kente ve topluma kar\u015f\u0131 imar yoluyla i\u015flenen su\u00e7lar\u0131n belki de en b\u00fcy\u00fck \u00f6rne\u011fiydi. Sevgili \u0130stanbul\u2019da bir kentin ruhunu anlatmak istedim. Ard\u0131ndan Ba\u015fka \u015eehirler geldi; bu kez insan\u0131n i\u00e7 yolculu\u011funa odakland\u0131m. Art\u0131k haber de\u011fil, hik\u00e2ye anlatmaya ba\u015flam\u0131\u015ft\u0131m.<\/p>\n\n\n\n<h2 class=\"wp-block-heading\">&#8220;\u015eehirler insanlar gibidir&#8221;<\/h2>\n\n\n\n<p><em>Soru: Kitaplar\u0131n\u0131zda \u015fehirler s\u0131k\u00e7a kar\u015f\u0131m\u0131za \u00e7\u0131k\u0131yor. Sizce \u015fehirler birer karakter midir?<\/em><\/p>\n\n\n\n<p>RG: Her \u015fehrin sesi, ritmi, kokusu vard\u0131r. Hepsi de birbirinden farkl\u0131d\u0131r. \u0130stanbul mesela; bazen anlat\u0131c\u0131, bazen suskun tan\u0131k gibidir. Dubai\u2019ye ta\u015f\u0131nd\u0131\u011f\u0131mda modernli\u011fin ve ge\u00e7mi\u015fin ayn\u0131 anda var olma \u00e7abas\u0131n\u0131 g\u00f6rd\u00fcm. \u015eehirler insanlar gibidir; s\u00fcrekli de\u011fi\u015fir ama \u00f6zlerini de korurlar. Amac\u0131m o de\u011fi\u015fmeyen \u00f6z\u00fc yakalamaya \u00e7al\u0131\u015fmakt\u0131.<\/p>\n\n\n\n<p><em>Soru: Dubai\u2019nin yaz\u0131n\u0131za nas\u0131l bir etki oldu? Ya da bir etkisi oldu mu?<\/em><\/p>\n\n\n\n<p>RG: Dubai\u2019de dola\u015fmak bir zaman yolculu\u011funa \u00e7\u0131kmak gibi. Burada ge\u00e7mi\u015f, bug\u00fcn\u00fcn g\u00f6lgesinde ya\u015f\u0131yor. Bir yanda \u00e7\u00f6l\u00fcn kadim sessizli\u011fi, di\u011fer yanda g\u00f6kdelenlerin parlak y\u00fcz\u00fc\u2026 Bu z\u0131tl\u0131k beni derinden etkilemi\u015fti. Yazarken yaln\u0131zca co\u011frafyay\u0131 de\u011fil, o co\u011frafyan\u0131n ruhunu anlamaya \u00e7al\u0131\u015f\u0131yorum. Bedevi k\u00fclt\u00fcr\u00fc, denizcilik gelene\u011fi, inci avc\u0131lar\u0131n\u0131n hik\u00e2yeleri bana insan\u0131n d\u00fcnyayla kurdu\u011fu ili\u015fkiyi hat\u0131rlatt\u0131. Modern \u015fehirlerin g\u00fcr\u00fclt\u00fcs\u00fcnde kaybolan ama h\u00e2l\u00e2 nefes alan o sessiz sesleri yaz\u0131ya d\u00f6n\u00fc\u015ft\u00fcrmek istedim.<\/p>\n\n\n\n<p><em>Soru: Dubai denince akla l\u00fcks hayat ve harcama al\u0131\u015fkanl\u0131klar\u0131 geliyor. Neden?<\/em><\/p>\n\n\n\n<p>RG: Harcamalar ve g\u00f6steri\u015f, \u015fehri simgeleyen en belirgin \u00f6zelliklerden. Milyar dolarl\u0131k oteller, l\u00fcks arabalar, alt\u0131n kaplama cep telefonlar\u0131, pahal\u0131 restoranlar\u2026 Ama bu zenginlik, bazen kendini g\u00f6sterme bi\u00e7iminin \u00f6tesine ge\u00e7iyor, bazen de bir masumiyet kayb\u0131 yarat\u0131yor. Kitapta bu taban\u0131n alt\u0131ndaki insanl\u0131k halleriyle, t\u00fcketim k\u00fclt\u00fcr\u00fcn\u00fcn etkileriyle y\u00fczle\u015fmeye \u00e7al\u0131\u015ft\u0131m.<\/p>\n\n\n\n<p><em>Soru: Yaz\u0131lar\u0131n\u0131zda hem g\u00f6zlemci hem melankolik bir anlat\u0131m var. Bu denge bilin\u00e7li mi?<\/em><\/p>\n\n\n\n<p>RG: \u0130nsan g\u00f6zlemci oldu\u011funda duygusuzla\u015f\u0131yor. Sadece duygularla etrafa bakt\u0131\u011f\u0131nda ise ger\u00e7e\u011fi ka\u00e7\u0131r\u0131yor. \u00d6nemli olan ikisini birle\u015ftirebilmek. Melankoli benim i\u00e7in karanl\u0131k bir duygu de\u011fil; daha \u00e7ok ge\u00e7icilik bilinci. Her \u015feyin bir iz b\u0131rakt\u0131\u011f\u0131n\u0131 ama hi\u00e7bir \u015feyin kal\u0131c\u0131 olmad\u0131\u011f\u0131n\u0131 hat\u0131rlat\u0131yor.<\/p>\n\n\n\n<p><em>Soru: Yaz\u0131lar\u0131n\u0131zda ge\u00e7mi\u015fle bug\u00fcn\u00fc harmanl\u0131yorsunuz. Bunun \u00f6zel bir nedeni var m\u0131?<\/em><\/p>\n\n\n\n<p>RG: Ge\u00e7mi\u015fi unutan toplumlar kimliklerini yitirir. Benim i\u00e7in yazmak bir haf\u0131za tutma bi\u00e7imi. Be\u015fikta\u015f ve Ca\u011falo\u011flu\u2019nda ge\u00e7en y\u0131llar\u0131m bana bunu \u00f6\u011fretti. O eski sokaklar\u0131n sesini h\u00e2l\u00e2 duyar\u0131m. Dubai\u2019de ya\u015fasam da i\u00e7imde \u0130stanbul\u2019un yank\u0131s\u0131 var. Belki de bu y\u00fczden her \u015fehirde ge\u00e7mi\u015fin izlerini ar\u0131yorum.<\/p>\n\n\n\n<p><em>Soru: Yazma rutininizden s\u00f6z eder misiniz?<\/em><\/p>\n\n\n\n<p>RG: Ak\u015famlar\u0131 yazmay\u0131 severim. \u015eehir uykuya dalarken ben uyan\u0131r\u0131m. Kelimeler daha d\u00fcr\u00fcst olur. Kahve, m\u00fczik, birka\u00e7 eski not defteri yeter bana.<\/p>\n\n\n\n<p><em>Soru: Sizce iyi bir yaz\u0131y\u0131 \u201ciyi\u201d yapan nedir?<\/em><\/p>\n\n\n\n<p>RG: Samimiyet. En karma\u015f\u0131k konuda bile i\u00e7tenlik varsa, okuyucu onu hisseder. S\u00fcslemek yerine sadele\u015fmek gerekir. Bir de yaz\u0131n\u0131n ritmi \u00e7ok \u00f6nemlidir. Yaz\u0131 da t\u0131pk\u0131 m\u00fczik gibidir; temposu, sessizlikleri, vurgular\u0131 olmal\u0131.<\/p>\n\n\n\n<p><em>Soru: Gen\u00e7 gazeteci ve yazarlar adaylar\u0131na ne \u00f6nerirsiniz?<\/em><\/p>\n\n\n\n<p>RG: \u00c7ok okumalar\u0131n\u0131. Sadece kendi alanlar\u0131nda de\u011fil, felsefeden tarihe, sosyolojiden \u015fiire kadar\u2026 \u00c7\u00fcnk\u00fc gazetecilik \u201colan\u0131\u201d de\u011fil, \u201cneden\u201d oldu\u011funu da anlatmakt\u0131r. Ayr\u0131ca sab\u0131rl\u0131 olsunlar. \u0130yi bir metin y\u0131llar\u0131n birikiminden do\u011far. Meraklar\u0131n\u0131 kaybetmesinler; merak bu mesle\u011fin yak\u0131t\u0131d\u0131r.<\/p>\n\n\n\n<p><em>Soru: Be\u015fikta\u015f&#8217;a d\u00f6nelim mi?<\/em><\/p>\n\n\n\n<p>RG: Hi\u00e7 ayr\u0131lmad\u0131k ki\u2026 Be\u015fikta\u015fl\u0131 olmak bir hayat duru\u015fudur. \u00c7ar\u015f\u0131\u2019n\u0131n felsefesi de bunu anlat\u0131r. Adalet, payla\u015f\u0131m, dayan\u0131\u015fma\u2026 Ben o ruhla b\u00fcy\u00fcd\u00fcm. Gazetecili\u011fe y\u00f6nelmemde de o semtin, o insanlar\u0131n pay\u0131 b\u00fcy\u00fck. Be\u015fikta\u015f i\u00e7in \u015fehir k\u00fclt\u00fcr\u00fcn\u00fcn ya\u015fayan vicdan\u0131d\u0131r.<\/p>\n\n\n\n<p><em>Soru: Yolculuklar\u0131n\u0131zda e\u015finiz Yelda Han\u0131m\u2019dan s\u0131k\u00e7a s\u00f6z ediyorsunuz. Bu yol arkada\u015fl\u0131\u011f\u0131n\u0131 nas\u0131l tan\u0131mlars\u0131n\u0131z?<\/em><\/p>\n\n\n\n<p>RG: Her yolculu\u011fun bir g\u00f6r\u00fcnmez kahraman\u0131 olur. Benim hik\u00e2yemdeki g\u00f6r\u00fcnmez kahraman Yelda\u2019d\u0131r. Yaln\u0131zca e\u015fim de\u011fil, t\u00fcm yolculuklar\u0131n pusulas\u0131d\u0131r. Planlar yapar\u0131z ama \u00e7o\u011fu zaman yollar s\u00fcrprizlere \u00e7\u0131kar; \u00e7\u00fcnk\u00fc g\u00fczellik kayboldu\u011fumuz yerlerde gizlidir. Onunla y\u00fcr\u00fcd\u00fc\u011f\u00fcm her yerde \u201cev\u201d hissini bulurum.<\/p>\n\n\n\n<p><em>Soru: Hayata dair bak\u0131\u015f\u0131n\u0131z\u0131 birka\u00e7 c\u00fcmleyle \u00f6zetlemenizi istesem?<\/em><\/p>\n\n\n\n<p>RG: Hayat bir yolculuk, ama var\u0131lacak bir nokta de\u011fil. Bazen bir sokakta, bazen bir c\u00fcmlede, bazen de sessizlikte durup soluklan\u0131r\u0131z. Yaz\u0131 da, \u015fehirler de, insan da ge\u00e7ici; ama anlat\u0131lan hik\u00e2yeler kal\u0131r. Belki de bu y\u00fczden yani ya\u015fad\u0131\u011f\u0131m\u0131za tan\u0131kl\u0131k etmek i\u00e7in yazar\u0131z.<\/p>\n\n\n\n<p><em>Soru: Yeni projelerinizden bahseder misiniz?<\/em><\/p>\n\n\n\n<p>RG: \u015eu s\u0131ralar Dubai\u2019deki k\u00fclt\u00fcrel d\u00f6n\u00fc\u015f\u00fcm\u00fc, Bedvi miras\u0131ndan modern \u00e7\u00f6l mimarisine uzanan bir kitapta anlat\u0131yorum. Asl\u0131nda yine ayn\u0131 sorunun pe\u015findeyim: \u201cBir \u015fehir, ruhunu nas\u0131l korur?\u201d Cevab\u0131 belki tam bilmiyorum, ama yazarken ona biraz daha yakla\u015ft\u0131\u011f\u0131m\u0131 hissediyorum.<\/p>\n\n\n\n<p><em>Kahvve.com: Bu g\u00fczel sohbet i\u00e7in te\u015fekk\u00fcr ederiz.<\/em><\/p>\n\n\n\n<p>RG: Ben te\u015fekk\u00fcr ederim. \u00c7\u00fcnk\u00fc bazen en iyi hik\u00e2yeler, sorular\u0131n aras\u0131nda sakl\u0131d\u0131r.<\/p>\n\n\n\n<pre class=\"wp-block-code\"><code>Remzi G\u00f6kda\u011f: 1968 y\u0131l\u0131nda Be\u015fikta\u015f'ta semtinde do\u011fdu. Gazetecilik kariyerine 1989\u2019da Cumhuriyet gazetesinde ba\u015flad\u0131. Otuz y\u0131l\u0131 a\u015fk\u0131n bir s\u00fcredir Los Angeles, Moskova, Z\u00fcrih ve Dubai\u2019de ya\u015fad\u0131, farkl\u0131 k\u00fclt\u00fcrlerin i\u00e7inde g\u00f6zlemler yapt\u0131. G\u00f6kda\u011f; Ba\u015fka \u015eehirler (Following Footsteps), Sevgili \u0130stanbul (Dear Istanbul), Amerikan Medyas\u0131\u2019nda 11 Eyl\u00fcl (American Media and 9\/11) ve Park Otel Olay\u0131 (The Park Hotel Incident) adl\u0131 kitaplar\u0131n yazar\u0131d\u0131r. Gazetecilik deneyimini, seyahat anlat\u0131lar\u0131n\u0131 ve ki\u015fisel g\u00f6zlemlerini harmanlayarak, k\u00fclt\u00fcrler ile insan deneyimleri aras\u0131nda k\u00f6pr\u00fc kuran anlat\u0131m\u0131yla tan\u0131n\u0131r. Halen Dubai\u2019de ya\u015famaktad\u0131r.<\/code><\/pre>\n","protected":false},"excerpt":{"rendered":"<p>Kahvve.com&#8217;da yay\u0131nlanan r\u00f6portaj Gazetecilikten yazarl\u0131\u011fa uzanan bir yolculuk\u2026 Remzi G\u00f6kda\u011f, kelimelerle \u015fehirlerin haf\u0131zas\u0131n\u0131 tutan bir yazar. \u0130stanbul\u2019un sesini, Dubai\u2019nin sessizli\u011fini ve insan\u0131n i\u00e7 yolculu\u011funu anlat\u0131yor. Onunla ge\u00e7mi\u015ften bug\u00fcne gazetecili\u011fi, \u015fehirlerin de\u011fi\u015fen ruhunu ve yaz\u0131n\u0131n d\u00f6n\u00fc\u015ft\u00fcr\u00fcc\u00fc g\u00fcc\u00fcn\u00fc konu\u015ftuk.<\/p>\n","protected":false},"author":1,"featured_media":103706,"comment_status":"closed","ping_status":"closed","sticky":false,"template":"","format":"standard","meta":{"footnotes":""},"categories":[7],"tags":[710],"class_list":["post-103704","post","type-post","status-publish","format-standard","has-post-thumbnail","hentry","category-notlar","tag-remzi-gokdag-2"],"_links":{"self":[{"href":"https:\/\/www.remgo.com\/11\/wp-json\/wp\/v2\/posts\/103704","targetHints":{"allow":["GET"]}}],"collection":[{"href":"https:\/\/www.remgo.com\/11\/wp-json\/wp\/v2\/posts"}],"about":[{"href":"https:\/\/www.remgo.com\/11\/wp-json\/wp\/v2\/types\/post"}],"author":[{"embeddable":true,"href":"https:\/\/www.remgo.com\/11\/wp-json\/wp\/v2\/users\/1"}],"replies":[{"embeddable":true,"href":"https:\/\/www.remgo.com\/11\/wp-json\/wp\/v2\/comments?post=103704"}],"version-history":[{"count":0,"href":"https:\/\/www.remgo.com\/11\/wp-json\/wp\/v2\/posts\/103704\/revisions"}],"wp:featuredmedia":[{"embeddable":true,"href":"https:\/\/www.remgo.com\/11\/wp-json\/wp\/v2\/media\/103706"}],"wp:attachment":[{"href":"https:\/\/www.remgo.com\/11\/wp-json\/wp\/v2\/media?parent=103704"}],"wp:term":[{"taxonomy":"category","embeddable":true,"href":"https:\/\/www.remgo.com\/11\/wp-json\/wp\/v2\/categories?post=103704"},{"taxonomy":"post_tag","embeddable":true,"href":"https:\/\/www.remgo.com\/11\/wp-json\/wp\/v2\/tags?post=103704"}],"curies":[{"name":"wp","href":"https:\/\/api.w.org\/{rel}","templated":true}]}}