{"id":103337,"date":"2026-01-19T17:44:43","date_gmt":"2026-01-19T14:44:43","guid":{"rendered":"https:\/\/www.remgo.com\/11\/?p=103337"},"modified":"2026-01-19T22:37:50","modified_gmt":"2026-01-19T19:37:50","slug":"yapay-zeka-caginda-fotograf","status":"publish","type":"post","link":"https:\/\/www.remgo.com\/11\/yapay-zeka-caginda-fotograf\/","title":{"rendered":"Yapay Zek\u00e2 \u00c7a\u011f\u0131nda Foto\u011fraf"},"content":{"rendered":"\n<p>Yakla\u015f\u0131k bir bu\u00e7uk as\u0131r boyunca foto\u011fraf\u0131n ger\u00e7e\u011fi anlatt\u0131\u011f\u0131na inand\u0131k. Gazetede g\u00f6rd\u00fc\u011f\u00fcm\u00fcz bir kare, bize olan\u0131 biteni tart\u0131\u015fmas\u0131z bi\u00e7imde sunard\u0131. O d\u00f6nem kapand\u0131, art\u0131k \u201ctarihsel s\u00fcrrealizm\u201d \u00e7a\u011f\u0131nday\u0131z.<\/p>\n\n\n\n<p>Ger\u00e7e\u011fe tan\u0131kl\u0131k eden foto\u011fraflar\u0131n yerini, hal\u00fcsinasyon \u00fcreten g\u00f6r\u00fcnt\u00fcler ald\u0131. Bir zamanlar \u0131\u015f\u0131k ve kimya ile d\u00fcnyan\u0131n izini s\u00fcren foto\u011fraf, art\u0131k yapay zek\u00e2n\u0131n hayal \u00fcr\u00fcn\u00fcne d\u00f6n\u00fc\u015ft\u00fc.<\/p>\n\n\n\n<p>Bunu en net sahte sava\u015f ve protesto foto\u011fraflar\u0131nda g\u00f6rd\u00fck. Ger\u00e7ekte hi\u00e7 ya\u015fanmam\u0131\u015f patlamalar, y\u0131k\u0131lm\u0131\u015f sokaklar  birka\u00e7 kelimelik komutla \u00fcretilip \u201cson dakika\u201d g\u00f6r\u00fcnt\u00fcs\u00fc gibi payla\u015f\u0131ld\u0131; milyonlarca insan bu kareleri ger\u00e7ek sand\u0131. Yine benzer \u015fekilde baz\u0131 \u00fclkelerde siyasilerin g\u00f6zalt\u0131na al\u0131nd\u0131\u011f\u0131n\u0131, ka\u00e7t\u0131\u011f\u0131n\u0131 g\u00f6steren yapay zek\u00e2 g\u00f6rselleri g\u00fcndem oldu; foto\u011fraflar\u0131n kurgu oldu\u011fu anla\u015f\u0131lana kadar kamuoyu \u00e7oktan b\u00f6l\u00fcnm\u00fc\u015ft\u00fc.<\/p>\n\n\n\n<p>Art\u0131k tarihi yeniden yazmak kolay. Dakikalar i\u00e7inde sahte ama ikna edici g\u00f6r\u00fcnt\u00fcler \u00fcretmek m\u00fcmk\u00fcn. Sosyal medya bu s\u00fcreci h\u0131zland\u0131r\u0131yor; yalanlar d\u00fczeltme beklemeden yay\u0131l\u0131yor. Algoritmalar da bu kar topunu b\u00fcy\u00fct\u00fcyor. Siyaset kamuoyunu y\u00f6nlendirmek i\u00e7in bu yeni alan\u0131 ke\u015ffederken, ger\u00e7e\u011fe olan inan\u00e7 h\u0131zla eriyor.<\/p>\n\n\n\n<h2 class=\"wp-block-heading\">Ger\u00e7ek Foto\u011fraflar\u0131 Kim \u00c7ekiyor?<\/h2>\n\n\n\n<figure class=\"wp-block-image size-large\"><img loading=\"lazy\" decoding=\"async\" width=\"1160\" height=\"870\" src=\"https:\/\/www.remgo.com\/11\/wp-content\/uploads\/2026\/01\/yapay-zekami-gercek-mi-1160x870.jpg\" alt=\"\" class=\"wp-image-103338\" title=\"\" srcset=\"https:\/\/www.remgo.com\/11\/wp-content\/uploads\/2026\/01\/yapay-zekami-gercek-mi-1160x870.jpg 1160w, https:\/\/www.remgo.com\/11\/wp-content\/uploads\/2026\/01\/yapay-zekami-gercek-mi-800x600.jpg 800w, https:\/\/www.remgo.com\/11\/wp-content\/uploads\/2026\/01\/yapay-zekami-gercek-mi-320x240.jpg 320w, https:\/\/www.remgo.com\/11\/wp-content\/uploads\/2026\/01\/yapay-zekami-gercek-mi-1536x1152.jpg 1536w, https:\/\/www.remgo.com\/11\/wp-content\/uploads\/2026\/01\/yapay-zekami-gercek-mi-2048x1536.jpg 2048w, https:\/\/www.remgo.com\/11\/wp-content\/uploads\/2026\/01\/yapay-zekami-gercek-mi-60x45.jpg 60w\" sizes=\"auto, (max-width: 1160px) 100vw, 1160px\" \/><figcaption class=\"wp-element-caption\">Foto\u011fraf\u0131n ger\u00e7e\u011fi sorgulatan g\u00fcc\u00fc&#8230; \u00c7\u00f6ldeki deve s\u0131rt\u0131nda bir gezgin&#8230; Ger\u00e7ek bir kare mi, yoksa yapay zek\u00e2n\u0131n kusursuz kurgusu mu? <\/figcaption><\/figure>\n\n\n\n<p>Elbette, foto\u011fraf\u0131n <a href=\"https:\/\/www.artdoc.photo\/articles\/truth-in-photography-perception-myth-and-reality-in-the-postmodern-world\" data-type=\"link\" data-id=\"https:\/\/www.artdoc.photo\/articles\/truth-in-photography-perception-myth-and-reality-in-the-postmodern-world\" target=\"_blank\" rel=\"noreferrer noopener nofollow\">manip\u00fcle<\/a> edilmesi yeni de\u011fil. Karanl\u0131k oda d\u00f6neminden beri ger\u00e7ek, de\u011fi\u015ftirilebilir bir aland\u0131 ancak bu i\u015fi yapmak beceri isterdi, s\u0131n\u0131rlar belliydi. Yapay zek\u00e2 bu s\u0131n\u0131rlar\u0131 kald\u0131rd\u0131 ve g\u00f6r\u00fcnt\u00fcyle birlikte g\u00fcven duygusunu da d\u00f6n\u00fc\u015ft\u00fcrd\u00fc.<\/p>\n\n\n\n<p>Bug\u00fcn foto\u011fraf art\u0131k ortak bir ger\u00e7ekli\u011fin dili de\u011fil. Belki de insanl\u0131k, binlerce y\u0131l \u00f6nceki gibi, ger\u00e7e\u011fi yeniden tart\u0131\u015ft\u0131\u011f\u0131 bir d\u00f6neme d\u00f6n\u00fcyor. O zamanlar \u201cdo\u011fru\u201d, topluluk i\u00e7inde onaylan\u0131rd\u0131. \u015eimdi de benzer bir s\u00fcre\u00e7 var. Ger\u00e7e\u011fin evrensel de\u011fil, yerel oldu\u011fu bir \u00e7a\u011fda ya\u015f\u0131yoruz. Matbaa, bilgiyi alg\u0131lama bi\u00e7imimizi nas\u0131l de\u011fi\u015ftirdiyse, yapay zek\u00e2 da alg\u0131lamz\u0131 d\u00f6n\u00fc\u015ft\u00fcr\u00fcyor. Bu d\u00f6n\u00fc\u015f\u00fcmde as\u0131l mesele teknoloji de\u011fil, g\u00fcven.<\/p>\n\n\n\n<p>Ger\u00e7e\u011fi art\u0131k makinelerle de\u011fil, insan sezgisiyle bulaca\u011f\u0131z. <\/p>\n\n\n\n<p>Foto\u011fraf bug\u00fcn bir kan\u0131t de\u011fil sadece bir yorum. Ger\u00e7ek de\u011fil, sadece bir anlam.<\/p>\n","protected":false},"excerpt":{"rendered":"<p>Zeplin \u0130stanbul semalar\u0131nda s\u00fcz\u00fcl\u00fcrken sisler ard\u0131na gizlenen ger\u00e7ek mi kurgu mu? Dijital \u00e7a\u011fda her g\u00f6r\u00fcnt\u00fc hem tan\u0131k hem masal olabiliyor<\/p>\n","protected":false},"author":1,"featured_media":103339,"comment_status":"closed","ping_status":"closed","sticky":false,"template":"","format":"standard","meta":{"footnotes":""},"categories":[7],"tags":[1834,1831,1835,1833,1832],"class_list":["post-103337","post","type-post","status-publish","format-standard","has-post-thumbnail","hentry","category-notlar","tag-fotograf","tag-gerceklik","tag-guven","tag-manipulasyon","tag-yapay-zeka-2"],"_links":{"self":[{"href":"https:\/\/www.remgo.com\/11\/wp-json\/wp\/v2\/posts\/103337","targetHints":{"allow":["GET"]}}],"collection":[{"href":"https:\/\/www.remgo.com\/11\/wp-json\/wp\/v2\/posts"}],"about":[{"href":"https:\/\/www.remgo.com\/11\/wp-json\/wp\/v2\/types\/post"}],"author":[{"embeddable":true,"href":"https:\/\/www.remgo.com\/11\/wp-json\/wp\/v2\/users\/1"}],"replies":[{"embeddable":true,"href":"https:\/\/www.remgo.com\/11\/wp-json\/wp\/v2\/comments?post=103337"}],"version-history":[{"count":0,"href":"https:\/\/www.remgo.com\/11\/wp-json\/wp\/v2\/posts\/103337\/revisions"}],"wp:featuredmedia":[{"embeddable":true,"href":"https:\/\/www.remgo.com\/11\/wp-json\/wp\/v2\/media\/103339"}],"wp:attachment":[{"href":"https:\/\/www.remgo.com\/11\/wp-json\/wp\/v2\/media?parent=103337"}],"wp:term":[{"taxonomy":"category","embeddable":true,"href":"https:\/\/www.remgo.com\/11\/wp-json\/wp\/v2\/categories?post=103337"},{"taxonomy":"post_tag","embeddable":true,"href":"https:\/\/www.remgo.com\/11\/wp-json\/wp\/v2\/tags?post=103337"}],"curies":[{"name":"wp","href":"https:\/\/api.w.org\/{rel}","templated":true}]}}