{"id":101556,"date":"2016-04-27T16:52:00","date_gmt":"2016-04-27T13:52:00","guid":{"rendered":"https:\/\/www.remgo.com\/11\/?p=101556"},"modified":"2026-01-16T12:57:38","modified_gmt":"2026-01-16T09:57:38","slug":"sevgili-istanbul-kitabi-roportajindan","status":"publish","type":"post","link":"https:\/\/www.remgo.com\/11\/sevgili-istanbul-kitabi-roportajindan\/","title":{"rendered":"&#8220;Sevgili \u0130stanbul&#8221; r\u00f6portaj\u0131"},"content":{"rendered":"\n<p><strong><em><a href=\"https:\/\/www.remgo.com\/11\/trt-kent-radyo-istanbulun-konuguydu\/\">TRT Kent Radyo&#8217;da yay\u0131mlanan &#8220;Sevgili \u0130stanbul&#8221; kitab\u0131 r\u00f6portaj\u0131ndan&#8230;<\/a><\/em><\/strong><\/p>\n\n\n\n<p><a href=\"https:\/\/www.remgo.com\/11\/remzigokdag\/\">Remzi G\u00f6kda\u011f<\/a>, hayat\u0131n\u0131n her d\u00f6neminde bu \u015fehirle i\u00e7 i\u00e7e ya\u015fam\u0131\u015f. Bas\u0131n-Yay\u0131n Y\u00fcksekokulu&#8217;ndan mezun olduktan sonra gazetecilik mesle\u011fine ba\u015flad\u0131\u011f\u0131 \u0130stanbul, onun i\u00e7in sadece ya\u015fan\u0131lan bir \u015fehir de\u011fil, ayn\u0131 zamanda bir bor\u00e7. <em>&#8220;Bu \u015fehir i\u00e7in bir \u015feyler yapmam gerekti\u011fini hissediyordum&#8221; <\/em>diyor G\u00f6kda\u011f, <em>&#8220;Bu borcu, de\u011ferli insanlar\u0131n an\u0131lar\u0131n\u0131 derleyip gelecek ku\u015faklara aktararak \u00f6dedi\u011fime inan\u0131yorum.&#8221;<\/em><\/p>\n\n\n\n<p><strong><a href=\"https:\/\/www.remgo.com\/11\/remzi_gokdag_kitaplar\/sevgili-istanbul\/\">&#8220;Sevgili \u0130stanbul&#8221;<\/a><\/strong> kitab\u0131nda yer alan yirmi isim, \u0130stanbul&#8217;un k\u00fclt\u00fcr tarihinin ya\u015fayan \u015fahitleri: Safa \u00d6nal, Ayd\u0131n Boysan, H\u0131fz\u0131 Topuz, Do\u011fan Kuban, Nurettin S\u00f6zen, Adalet A\u011fao\u011flu, Hamdi Arpac\u0131, Murat Belge, Hasan Pulur, Haldun G\u00fcrel, Muhterem Nur, O\u011fuz Atalay, M\u00fcjdat Gezen, Ara G\u00fcler, Halit K\u0131van\u00e7, R\u00fckn\u00fc \u00d6zk\u00f6k, Yorgo Okumu\u015f, Haldun Dormen, Oktay Akbal&#8230; Bu isimlerin bir k\u0131sm\u0131 bug\u00fcn aram\u0131zda de\u011fil. G\u00f6kda\u011f, onlar\u0131n ya\u015farken derleyebildi\u011fi an\u0131lar\u0131 gelecek ku\u015faklara aktarman\u0131n \u00f6nemini vurguluyor.<\/p>\n\n\n\n<p><em>&#8220;\u0130stanbul n\u00fcfusu 18 milyon diye ge\u00e7iyor kay\u0131tlarda&#8221;<\/em> diyor G\u00f6kda\u011f, <em>&#8220;Herkesin kendi \u0130stanbul&#8217;u var bu kentte.&#8221;<\/em> Kimi i\u00e7in \u0130stanbul trafiktir, kimi i\u00e7in al\u0131\u015fveri\u015f merkezleridir. Ama baz\u0131lar\u0131 i\u00e7in Salacak&#8217;tan batan g\u00fcne\u015f, adalarda a\u00e7an mimozalar ya da tarihi yar\u0131madadaki sessiz sakin mahalleler&#8230;<\/p>\n\n\n\n<p><em>&#8220;\u00d6nemli olan bu kente &#8216;benim \u0130stanbul&#8217;um&#8217; diyebilmek&#8221;<\/em> diye ekliyor. <em>&#8220;R\u00f6portaj yapt\u0131\u011f\u0131m 20 ki\u015finin ortak \u00f6zelli\u011fi bu. Do\u011fum yerleri farkl\u0131 olsa da hepsi &#8216;benim \u0130stanbul&#8217;um&#8217; diyor. \u00d6nemli olan geldikten sonra bu kente sayg\u0131 duyabilmeleri ve koruyabilmeleri.&#8221;<\/em><\/p>\n\n\n\n<p>Kitap, ka\u00e7\u0131n\u0131lmaz olarak nostalji tad\u0131nda. Safa \u00d6nal&#8217;\u0131n <strong>&#8220;Bir devir bitiyor ve perde yava\u015f yava\u015f kapan\u0131yor&#8221;<\/strong> s\u00f6zleri, kitab\u0131n ruh halini \u00f6zetliyor. G\u00f6kda\u011f, Safa \u00d6nal&#8217;\u0131 <em>&#8220;bug\u00fcn \u0130stanbul beyefendisi diyebilece\u011fimiz kal\u0131ba y\u00fczde y\u00fcz oturan bir ki\u015fi&#8221;<\/em> olarak tan\u0131ml\u0131yor ve onun s\u00f6z\u00fcn\u00fc bir kez daha hat\u0131rl\u0131yor: &#8220;<strong>Namaz\u0131n da orucun da kazas\u0131 var ama sensiz ge\u00e7en zaman\u0131n kazas\u0131 yok.&#8221; <\/strong>\u0130stanbul&#8217;da \u00d6zdemir Asaf, Sadri Al\u0131\u015f\u0131k, Y\u0131lmaz G\u00fcney gibi dostlar\u0131n\u0131 kaybetmi\u015f olan \u00d6nal, art\u0131k bu kentte yaln\u0131z kalm\u0131\u015f hissediyor.<\/p>\n\n\n\n<h2 class=\"wp-block-heading\">Ara G\u00fcler&#8217;in \u0130tiraf\u0131<\/h2>\n\n\n\n<p>D\u00fcnyaca \u00fcnl\u00fc foto\u011fraf\u00e7\u0131 Ara G\u00fcler ile yap\u0131lan g\u00f6r\u00fc\u015fme, kitab\u0131n en etkileyici anlar\u0131ndan biri. Galatasaray&#8217;daki mekan\u0131nda G\u00f6kda\u011f&#8217;\u0131 a\u011f\u0131rlayan Ara G\u00fcler, \u00f6nce onu sorgulam\u0131\u015f, kendisini tan\u0131tt\u0131ktan sonra <em>&#8220;art\u0131k sohbete ba\u015flayabiliriz&#8221;<\/em> demi\u015f. S\u00f6yle\u015finin sonunda Ara G\u00fcler&#8217;in itiraf\u0131 \u00e7arp\u0131c\u0131: &#8220;<em>Bak evlad\u0131m, ben bunca y\u0131ld\u0131r \u0130stanbul&#8217;un foto\u011fraflar\u0131n\u0131 \u00e7ekiyorum, 60&#8217;a yak\u0131n kitab\u0131m var, belgeseller var, d\u00fcnya pe\u015fimden ko\u015fuyor. \u0130stanbul&#8217;u tan\u0131tabildim mi? \u0130stanbul&#8217;u anlatabildim mi? Bana kal\u0131rsa anlatamad\u0131m.&#8221;<\/em> Ard\u0131ndan eklemi\u015f: <em>&#8220;Sen de \u0130stanbul&#8217;u tan\u0131tamayacaks\u0131n. Sen de anlatamayacaks\u0131n. \u00c7\u00fcnk\u00fc \u0130stanbul kitaplara, foto\u011fraflara s\u0131\u011fmayacak kadar b\u00fcy\u00fckt\u00fcr. \u0130stanbul bizi a\u015far, \u0130stanbul sadece ya\u015fan\u0131r.&#8221;<\/em><\/p>\n\n\n\n<p>TRT&#8217;nin usta spikerlerinden Halit K\u0131van\u00e7&#8217;\u0131n <strong>&#8220;\u0130stanbul&#8217;a bakarken g\u00fczel bir k\u0131za a\u015f\u0131k gibi hissederim kendimi&#8221; <\/strong>s\u00f6z\u00fc, \u015fehre duyulan a\u015fk\u0131n en g\u00fczel ifadelerinden biri. K\u0131van\u00e7&#8217;\u0131n an\u0131lar\u0131nda ge\u00e7en \u0130stanbul, bug\u00fcnk\u00fcnden \u00e7ok farkl\u0131: <em>&#8220;Eskiden \u0130stanbul \u015ei\u015fli&#8217;de biterdi. Zamanla yeni yap\u0131larla Mecidiyek\u00f6y&#8217;e kadar uzand\u0131. Mecidiyek\u00f6y&#8217;den sonra polis alan\u0131 bitiyor, jandarma alan\u0131 ba\u015fl\u0131yordu.&#8221;<\/em><\/p>\n\n\n\n<p>Ayd\u0131n Boysan&#8217;\u0131n an\u0131lar\u0131nda ise Maslak, \u0130stanbul d\u0131\u015f\u0131nda bir yer olarak ge\u00e7iyor. \u0130htilal d\u00f6nemlerinde askerler fazla &#8220;g\u00fcr\u00fclt\u00fc&#8221; yapanlar\u0131 kamyonlara bindirip &#8220;\u0130stanbul d\u0131\u015f\u0131na&#8221; atarlard\u0131, o \u0130stanbul d\u0131\u015f\u0131 Maslak&#8217;t\u0131.<\/p>\n\n\n\n<h2 class=\"wp-block-heading\">De\u011fi\u015fim Kar\u015f\u0131s\u0131nda \u00c7aresizlik<\/h2>\n\n\n\n<p>G\u00f6kda\u011f, \u0130stanbul&#8217;un ya\u015fad\u0131\u011f\u0131 de\u011fi\u015fimin boyutlar\u0131ndan rahats\u0131z: <em>&#8220;Kent b\u00fcy\u00fck bir de\u011fi\u015fimden ge\u00e7iyor. Bu de\u011fi\u015fim belki de kentin ge\u00e7mi\u015finde ya\u015fanan en b\u00fcy\u00fck de\u011fi\u015fimlerden biri.&#8221;<\/em> Yurt d\u0131\u015f\u0131nda ya\u015fad\u0131\u011f\u0131 k\u0131sa s\u00fcrenin ard\u0131ndan d\u00f6nd\u00fc\u011f\u00fcnde bamba\u015fka bir kent bulmu\u015f. <em>&#8220;Birka\u00e7 y\u0131l \u0130stanbul&#8217;dan ayr\u0131 kald\u0131\u011f\u0131n\u0131zda bile bir soka\u011f\u0131na girdi\u011finizde o soka\u011f\u0131n \u00e7\u0131kmaz sokak oldu\u011funu g\u00f6r\u00fcyorsunuz.&#8221;<\/em> diyor.<\/p>\n\n\n\n<p>Umut h\u00e2l\u00e2 var m\u0131? G\u00f6kda\u011f&#8217;a g\u00f6re evet: <em>&#8220;Hatan\u0131n neresinden d\u00f6nersek k\u00e2rd\u0131r. Bundan sonra bile, tek bir a\u011fac\u0131, tek bir ye\u015fil alan\u0131 kaybetmemeye \u00e7al\u0131\u015farak, tek bir tarihi dokuyu kaybetmemeye \u00e7al\u0131\u015farak ya\u015famak gerekiyor.&#8221;<\/em><\/p>\n\n\n\n<p>Sadece kent y\u00f6neticilerini su\u00e7laman\u0131n yanl\u0131\u015f oldu\u011funu d\u00fc\u015f\u00fcn\u00fcyor G\u00f6kda\u011f: <em>&#8220;Bizler \u0130stanbul&#8217;da ya\u015fayan vatanda\u015flar olarak en b\u00fcy\u00fck sorumluluk bizde. Att\u0131\u011f\u0131m\u0131z her ad\u0131ma dikkat etmemiz gerekiyor.&#8221; <\/em>Y\u0131ld\u0131z Park\u0131&#8217;ndaki lalelerin \u00fcst\u00fcne park eden ara\u00e7lar\u0131 g\u00f6r\u00fcnce i\u00e7i burkuluyor.<\/p>\n\n\n\n<p><em>&#8220;Ben \u0130stanbul&#8217;un sokaklar\u0131na dal\u0131yorum elimde foto\u011fraf makinesiyle&#8221; <\/em>diyor,<em> &#8220;Kentin h\u00e2l\u00e2 var olan g\u00fczelliklerini bug\u00fcn de kaydetmeye \u00e7al\u0131\u015f\u0131yorum. 30 y\u0131l \u00f6nce de yap\u0131yordum bunu ve bug\u00fcn de kendimi en az\u0131ndan rahatlatmaya \u00e7al\u0131\u015f\u0131yorum.&#8221;<\/em><\/p>\n\n\n\n<h2 class=\"wp-block-heading\">Gelece\u011fe Umutla<\/h2>\n\n\n\n<p>&#8220;Sevgili \u0130stanbul&#8221; kitab\u0131n\u0131n ana fikri, ge\u00e7mi\u015fi g\u00f6z \u00f6n\u00fcne koyarak gelece\u011fe nas\u0131l bir \u00e7ekid\u00fczen verilebilece\u011fini g\u00f6stermek. <em>&#8220;De\u011fi\u015fim her kentte olmas\u0131 gereken bir \u015fey&#8221;<\/em> diyor G\u00f6kda\u011f, <em>&#8220;Ya\u015fanan durumu durdurmam\u0131z m\u00fcmk\u00fcn de\u011fil. Kent ilerleyecek, in\u015faatlar olacak. Fakat bunlar olurken belli bir plan, belli bir sayg\u0131 \u00e7er\u00e7evesinde olmas\u0131 gerekiyor.&#8221;<\/em><\/p>\n\n\n\n<p>Sonu\u00e7 olarak yap\u0131lmas\u0131 gereken \u015fey net: <em>&#8220;Ge\u00e7mi\u015fi hat\u0131rlayarak gelece\u011fe y\u00f6nelmek. Yenilenmenin ge\u00e7mi\u015fi tamamen y\u0131kmak olmad\u0131\u011f\u0131n\u0131 anlamam\u0131z gerekiyor. Hem insana hem \u015fehre sayg\u0131 g\u00f6stermek, hem de ge\u00e7mi\u015fe.&#8221;<\/em><\/p>\n\n\n\n<p>\u0130stanbul sadece ya\u015fan\u0131r. Ara G\u00fcler&#8217;in bu s\u00f6z\u00fc, belki de bu b\u00fcy\u00fcl\u00fc \u015fehirle ilgili s\u00f6ylenebilecek en do\u011fru s\u00f6z. \u00c7\u00fcnk\u00fc \u0130stanbul, kitaplara s\u0131\u011fmayacak kadar b\u00fcy\u00fck, anlat\u0131lmayacak kadar derin bir \u015fehir.<\/p>\n","protected":false},"excerpt":{"rendered":"<p>\u0130stanbul&#8217;un sokaklar\u0131nda yank\u0131lanan ge\u00e7mi\u015fin sesi, bug\u00fcn sadece haf\u0131zalarda ya\u015f\u0131yor. Beyaz\u0131t&#8217;tan Sultanahmet&#8217;e ko\u015fan \u00e7ocu\u011fun heyecan\u0131, Ey\u00fcp Sultan&#8217;da g\u00fcvercinlere yem atan k\u0131z \u00e7ocu\u011funun mutlulu\u011fu, Narl\u0131kap\u0131 \u00e7\u0131kmaz\u0131nda kesi\u015fen hayatlar&#8230; T\u00fcm bunlar art\u0131k sadece an\u0131larda. &#8220;Sevgili \u0130stanbul&#8221; kitab\u0131n\u0131n yazar\u0131 Remzi G\u00f6kda\u011f ile TRT Harbiye binas\u0131nda, \u0130stanbul&#8217;un kay\u0131p ruhunu konu\u015ftuk.<\/p>\n","protected":false},"author":1,"featured_media":58275,"comment_status":"closed","ping_status":"closed","sticky":false,"template":"","format":"standard","meta":{"footnotes":""},"categories":[1772],"tags":[261,654,1773],"class_list":["post-101556","post","type-post","status-publish","format-standard","has-post-thumbnail","hentry","category-istanbul-yazilari","tag-roportaj","tag-sevgili-istanbul-2","tag-trt-kent-radyo"],"_links":{"self":[{"href":"https:\/\/www.remgo.com\/11\/wp-json\/wp\/v2\/posts\/101556","targetHints":{"allow":["GET"]}}],"collection":[{"href":"https:\/\/www.remgo.com\/11\/wp-json\/wp\/v2\/posts"}],"about":[{"href":"https:\/\/www.remgo.com\/11\/wp-json\/wp\/v2\/types\/post"}],"author":[{"embeddable":true,"href":"https:\/\/www.remgo.com\/11\/wp-json\/wp\/v2\/users\/1"}],"replies":[{"embeddable":true,"href":"https:\/\/www.remgo.com\/11\/wp-json\/wp\/v2\/comments?post=101556"}],"version-history":[{"count":0,"href":"https:\/\/www.remgo.com\/11\/wp-json\/wp\/v2\/posts\/101556\/revisions"}],"wp:featuredmedia":[{"embeddable":true,"href":"https:\/\/www.remgo.com\/11\/wp-json\/wp\/v2\/media\/58275"}],"wp:attachment":[{"href":"https:\/\/www.remgo.com\/11\/wp-json\/wp\/v2\/media?parent=101556"}],"wp:term":[{"taxonomy":"category","embeddable":true,"href":"https:\/\/www.remgo.com\/11\/wp-json\/wp\/v2\/categories?post=101556"},{"taxonomy":"post_tag","embeddable":true,"href":"https:\/\/www.remgo.com\/11\/wp-json\/wp\/v2\/tags?post=101556"}],"curies":[{"name":"wp","href":"https:\/\/api.w.org\/{rel}","templated":true}]}}