{"id":100253,"date":"1998-09-11T12:54:00","date_gmt":"1998-09-11T09:54:00","guid":{"rendered":"https:\/\/www.remgo.com\/11\/?p=100253"},"modified":"2025-08-29T14:44:21","modified_gmt":"2025-08-29T11:44:21","slug":"rusyada-sagduyu-kazandi","status":"publish","type":"post","link":"https:\/\/www.remgo.com\/11\/rusyada-sagduyu-kazandi\/","title":{"rendered":"Rusya\u2019da sa\u011fduyu kazand\u0131"},"content":{"rendered":"\n<p>Parlamentonun alt kanad\u0131 Duma\u2019n\u0131n kararl\u0131 muhalefeti kar\u015f\u0131s\u0131nda ba\u015fbakan aday\u0131n\u0131 de\u011fi\u015ftiren Rusya Devlet Ba\u015fkan\u0131 Boris Yeltsin, \u00fclkenin eski casus \u015fefi ve bir numaral\u0131 diplomat\u0131 Yevgeni Primakov\u2019u ba\u015fbakanl\u0131\u011fa atad\u0131. \u00d6nceki aday Viktor \u00c7ernom\u0131rdin\u2019i iki kere geri \u00e7eviren Duma, \u2018do\u011fru tercih\u2019 diye nitelendirdi\u011fi Primakov\u2019un adayl\u0131\u011f\u0131ndan son derece memnun. Bug\u00fcn oylamaya gidecek 450 sandalyeli Duma\u2019da, 55 sandalyeye sahip Vladimir Jirinovski liderli\u011findeki a\u015f\u0131r\u0131 sa\u011fc\u0131lar d\u0131\u015f\u0131ndaki t\u00fcm gruplar Primakov\u2019a g\u00fcvenoyu verme karar\u0131 ald\u0131.<\/p>\n\n\n\n<p>T\u00fcm bunlar, Rusya\u2019n\u0131n ekonomik \u00e7\u00f6k\u00fc\u015fle patlak veren siyasi krizi a\u015fmakta oldu\u011funun g\u00f6stergesi. Duma Ba\u015fkan Yard\u0131mc\u0131s\u0131 Vladimir Rizkov\u2019un \u201c\u00c7ok b\u00fcy\u00fck ihtimalle Rusya\u2019n\u0131n cuma g\u00fcn\u00fc bir ba\u015fbakan\u0131 olacak ve o cumartesi g\u00fcn\u00fc \u00fclkeyi finansal krizden \u00e7\u0131karmak i\u00e7in \u00e7al\u0131\u015fmalar\u0131na ba\u015flayacak\u201d s\u00f6zleri Primakov\u2019u \u00e7ok zorlu bir g\u00f6revin bekledi\u011fine i\u015faret ediyor. Daha \u00f6nce hi\u00e7bir ekonomik deneyimi bulunmayan Primakov\u2019un krizin \u00fcstesinden gelip gelemeyece\u011fi zihinlerde bir soru i\u015fareti.<\/p>\n\n\n\n<p>Martta g\u00f6revden al\u0131nd\u0131ktan sonra ge\u00e7en ay tekrar ba\u015fbakanl\u0131\u011fa getirilen Viktor \u00c7ernom\u0131rdin, halk\u0131n ve muhalefetin g\u00f6z\u00fcnde be\u015f y\u0131ll\u0131k ba\u015fbakanl\u0131\u011f\u0131 boyunca ekonomik krizi haz\u0131rlayan ki\u015fiydi. Bu y\u00fczden \u00fcst \u00fcste iki kez Duma\u2019dan g\u00fcvenoyu alamad\u0131. \u00dc\u00e7 kez ba\u015fbakan aday\u0131n\u0131 geri \u00e7eviren Duma\u2019y\u0131 feshetmek zorunda kalacak olan Yeltsin, hem kendine yak\u0131n bir isim olan, hem de kom\u00fcnistlerin aday listesinde bulunan Primakov\u2019dan yana \u00e7ark ederek, \u2018do\u011fru tercih\u2019i yapm\u0131\u015f oldu. Yeltsin, Duma\u2019ya yollad\u0131\u011f\u0131 mektubunda \u201c\u00c7ernom\u0131rdin\u2019in tekrar geri \u00e7evrilmesini g\u00f6z \u00f6n\u00fcnde bulundurarak Yevgeni Maksimovi\u00e7 Primakov\u2019un ba\u015fbakanl\u0131\u011f\u0131n\u0131n onaylamas\u0131n\u0131 istiyorum\u201d dedi.<\/p>\n\n\n\n<p>Hem muhalefet hem de Yeltsin yanl\u0131s\u0131 siyasi \u00e7evreler Primakov\u2019un ba\u015fbakanl\u0131\u011f\u0131n\u0131 memnuniyetle kar\u015f\u0131layarak, Duma\u2019n\u0131n bu atamay\u0131 onaylayaca\u011f\u0131n\u0131 belirtti. Duma Ba\u015fkan\u0131 Gennadi Selezniyov, \u201cBu en mant\u0131kl\u0131 karard\u0131 ve tabii ki Primakov, Duma\u2019n\u0131n deste\u011fini kazanacakt\u0131r\u201d dedi. Kom\u00fcnist Partisi lideri Gennadi Z\u00fcganov da ba\u015fbakanl\u0131\u011f\u0131n\u0131 \u201cBu kez sa\u011fduyu galip geldi\u201d diye yorumlad\u0131\u011f\u0131 Primakov\u2019un g\u00fcvenoyu almakta zorlanmayaca\u011f\u0131n\u0131 kaydetti.<\/p>\n\n\n\n<p>Gelgelelim Primakov\u2019un uzmanl\u0131k alan\u0131 d\u0131\u015f politika. Kurt diplomat\u0131n ekonomik krizle birlikte ba\u015fg\u00f6steren toplumsal huzursuzlu\u011fu bast\u0131rmak i\u00e7in ne gibi \u00f6nlemler alaca\u011f\u0131n\u0131 kestirmek g\u00fc\u00e7. Onun ba\u015fbakanl\u0131\u011f\u0131n\u0131 memnuniyetle kar\u015f\u0131layan siyasi gruplardan her biri g\u00fc\u00e7 dengesinin kendileri lehine d\u00f6nmesini umut ediyor. Moskova\u2019daki Alfa Capital yat\u0131r\u0131m bankas\u0131n\u0131n ekonomi uzmanlar\u0131ndan Thierry Mallarett, \u201cPrimakov bir ekonomist de\u011fil, \u00fclkenin gidi\u015fat\u0131n\u0131 onun bakanl\u0131klara hangi ki\u015fileri atayaca\u011f\u0131 belirleyecek\u201d yorumunu yap\u0131yor.<\/p>\n\n\n\n<h2 class=\"wp-block-heading\"><strong>\u00c7ernom\u0131rdin\u2019in darbe iddias\u0131<\/strong><\/h2>\n\n\n\n<p>Krizle birlikte Rusya\u2019n\u0131n siyasi ya\u015fam\u0131na kom\u00fcnistler a\u011f\u0131rl\u0131\u011f\u0131n\u0131 koymu\u015ftu. Rusya\u2019n\u0131n karga\u015faya s\u00fcr\u00fcklenmemesi i\u00e7in adayl\u0131ktan \u00e7ekilirken Primakov\u2019u kendisinin \u00f6nerdi\u011fini s\u00f6yleyen \u00c7ernom\u0131rdin de kom\u00fcnist darbe uyar\u0131s\u0131nda bulunarak atmosferi yeniden gerdi. Kom\u00fcnistlerin ba\u015fbakanl\u0131k vizesi vermedi\u011fi \u00c7ernom\u0131rdin, Rusya\u2019daki anayasal sistemi devirmeye y\u00f6nelik tehditlerin bulundu\u011funu savunarak, \u201cKom\u00fcnist muhalefetin devrim sendromu yine ortaya \u00e7\u0131kt\u0131. Varolan karga\u015fay\u0131 kullanarak, g\u00fc\u00e7 kullan\u0131m\u0131 yolu ile Devlet Ba\u015fkan\u0131 Yeltsin\u2019i devirmeye \u00e7al\u0131\u015f\u0131yorlar\u201d diye konu\u015ftu. Bu tehlikenin, kendisinin \u00e7ekilmesi ile ge\u00e7medi\u011fini savunan \u00c7ernom\u0131rdin, \u201cSinsice d\u00fczenlenmi\u015f ve SSCB\u2019yi yeniden kurmay\u0131 ama\u00e7layan bir darbe, g\u00fcndeme gelebilir\u201d dedi.<\/p>\n\n\n\n<p>11 Eyl\u00fcl 1998<\/p>\n\n\n\n<p><\/p>\n","protected":false},"excerpt":{"rendered":"<p>Parlamentonun alt kanad\u0131 Duma\u2019n\u0131n kararl\u0131 muhalefeti kar\u015f\u0131s\u0131nda ba\u015fbakan aday\u0131n\u0131 de\u011fi\u015ftiren Rusya Devlet Ba\u015fkan\u0131 Boris Yeltsin, \u00fclkenin eski casus \u015fefi ve bir numaral\u0131 diplomat\u0131 Yevgeni Primakov\u2019u ba\u015fbakanl\u0131\u011fa atad\u0131. \u00d6nceki aday Viktor \u00c7ernom\u0131rdin\u2019i iki kere geri \u00e7eviren Duma, \u2018do\u011fru tercih\u2019 diye nitelendirdi\u011fi Primakov\u2019un adayl\u0131\u011f\u0131ndan son derece memnun. Bug\u00fcn oylamaya gidecek 450 sandalyeli Duma\u2019da, 55 sandalyeye sahip Vladimir Jirinovski liderli\u011findeki a\u015f\u0131r\u0131 sa\u011fc\u0131lar d\u0131\u015f\u0131ndaki t\u00fcm gruplar Primakov\u2019a g\u00fcvenoyu verme karar\u0131 ald\u0131. T\u00fcm bunlar, Rusya\u2019n\u0131n ekonomik \u00e7\u00f6k\u00fc\u015fle patlak veren siyasi krizi a\u015fmakta oldu\u011funun g\u00f6stergesi. Duma Ba\u015fkan Yard\u0131mc\u0131s\u0131 Vladimir Rizkov\u2019un \u201c\u00c7ok b\u00fcy\u00fck ihtimalle Rusya\u2019n\u0131n cuma g\u00fcn\u00fc bir ba\u015fbakan\u0131 olacak ve o cumartesi g\u00fcn\u00fc \u00fclkeyi finansal krizden<\/p>\n","protected":false},"author":1,"featured_media":56777,"comment_status":"closed","ping_status":"closed","sticky":false,"template":"","format":"standard","meta":{"footnotes":""},"categories":[1740],"tags":[],"class_list":["post-100253","post","type-post","status-publish","format-standard","has-post-thumbnail","hentry","category-radikal-moskova"],"_links":{"self":[{"href":"https:\/\/www.remgo.com\/11\/wp-json\/wp\/v2\/posts\/100253","targetHints":{"allow":["GET"]}}],"collection":[{"href":"https:\/\/www.remgo.com\/11\/wp-json\/wp\/v2\/posts"}],"about":[{"href":"https:\/\/www.remgo.com\/11\/wp-json\/wp\/v2\/types\/post"}],"author":[{"embeddable":true,"href":"https:\/\/www.remgo.com\/11\/wp-json\/wp\/v2\/users\/1"}],"replies":[{"embeddable":true,"href":"https:\/\/www.remgo.com\/11\/wp-json\/wp\/v2\/comments?post=100253"}],"version-history":[{"count":0,"href":"https:\/\/www.remgo.com\/11\/wp-json\/wp\/v2\/posts\/100253\/revisions"}],"wp:featuredmedia":[{"embeddable":true,"href":"https:\/\/www.remgo.com\/11\/wp-json\/wp\/v2\/media\/56777"}],"wp:attachment":[{"href":"https:\/\/www.remgo.com\/11\/wp-json\/wp\/v2\/media?parent=100253"}],"wp:term":[{"taxonomy":"category","embeddable":true,"href":"https:\/\/www.remgo.com\/11\/wp-json\/wp\/v2\/categories?post=100253"},{"taxonomy":"post_tag","embeddable":true,"href":"https:\/\/www.remgo.com\/11\/wp-json\/wp\/v2\/tags?post=100253"}],"curies":[{"name":"wp","href":"https:\/\/api.w.org\/{rel}","templated":true}]}}