{"id":100243,"date":"1998-09-03T12:48:00","date_gmt":"1998-09-03T09:48:00","guid":{"rendered":"https:\/\/www.remgo.com\/11\/?p=100243"},"modified":"2025-03-15T12:49:37","modified_gmt":"2025-03-15T09:49:37","slug":"ic-savas-korkusu","status":"publish","type":"post","link":"https:\/\/www.remgo.com\/11\/ic-savas-korkusu\/","title":{"rendered":"\u0130\u00e7 sava\u015f korkusu"},"content":{"rendered":"\n<p>\u0130\u00e7 sava\u015f korkusunun t\u0131rmand\u0131\u011f\u0131 Rusya\u2019da Devlet Ba\u015fkan\u0131 Boris Yeltsin ile kom\u00fcnistlerin \u00e7o\u011funlukta oldu\u011fu parlamentonun alt kanad\u0131 Duma aras\u0131ndaki gerginlik t\u0131rman\u0131yor. Daha \u00f6nce Yeltsin\u2019in baz\u0131 yetkilerini kendilerine devretmesi ve h\u00fck\u00fcmete al\u0131nmalar\u0131 kar\u015f\u0131l\u0131\u011f\u0131nda Viktor \u00c7ernom\u0131rdin\u2019in ba\u015fbakanl\u0131\u011f\u0131n\u0131 onaylamay\u0131 kabul etmeyen Duma\u2019daki kom\u00fcnistler, d\u00fcn de Yeltsin\u2019den yeni bir ba\u015fbakan aday\u0131 sunmas\u0131n\u0131 istedi.<\/p>\n\n\n\n<p>Pazartesi \u00c7ernom\u0131rdin\u2019in ba\u015fbakanl\u0131\u011f\u0131n\u0131 reddeden Duma yar\u0131n ikinci oylama i\u00e7in toplanacak. Duma\u2019daki milletvekilleri, \u00c7ernom\u0131rdin\u2019in \u00fclkeyi krizden \u00e7\u0131karamayaca\u011f\u0131n\u0131 belirterek, \u201cCenazeler, cinayetler ve facialar Rus ya\u015fam\u0131n\u0131n ana maddesi haline geldi. \u00c7ernom\u0131rdin\u2019i reddetmekle devlet ba\u015fkan\u0131n\u0131 istifaya \u00e7a\u011f\u0131r\u0131yoruz\u201d dedi. \u201cYeltsin \u00fclkeyi i\u00e7 sava\u015fa s\u00fcr\u00fckl\u00fcyor\u201d diyen Kom\u00fcnist Parti lideri Gennadi Z\u00fcganov da parlamentoyu yeni ba\u015fbakan aday\u0131 teklif etmeye \u00e7a\u011f\u0131rd\u0131. Ancak Yeltsin, \u00c7ernom\u0131rdin\u2019in ba\u015fbakanl\u0131\u011f\u0131nda \u0131srar ediyor.<\/p>\n\n\n\n<p>Anayasaya g\u00f6re, devlet ba\u015fkan\u0131 atad\u0131\u011f\u0131 ba\u015fbakan\u0131 \u00fc\u00e7 kez onaylamayan Duma\u2019y\u0131 feshetme yetkisine sahip. Rus siyasetinin \u00f6nde gelen isimlerinden olan Krasnoyarsk Valisi General Aleksand\u0131r Lebed, Yeltsin a\u00e7\u0131s\u0131ndan Duma\u2019y\u0131 feshetmenin siyasi intihar anlam\u0131na geldi\u011fini s\u00f6yledi. \u201cYeltsin a\u015f\u0131r\u0131 bir karar al\u0131rsa herkes parlamentoyu korumaya ko\u015far ve 1991\u2019in bir tekrar\u0131 ger\u00e7ekle\u015fir\u201d diyen Lebed, 1991\u2019de Mihail Gorbo\u00e7av\u2019a y\u00f6nelik kom\u00fcnist darbe giri\u015fiminde Yeltsin\u2019le birlikte binlerce ki\u015finin parlamentoyu korumas\u0131n\u0131 hat\u0131rlatt\u0131.<\/p>\n\n\n\n<p>Rusya\u2019n\u0131n g\u00fcnl\u00fck ekonomi gazetesi Kommersant-Daily \u2018Z\u00fcganov Sava\u015fa Haz\u0131r\u2019 ba\u015fl\u0131kl\u0131 man\u015fetinde \u00fclkenin i\u00e7 sava\u015f tehdidinin olu\u015ftu\u011fu bir a\u015famaya geldi\u011fini belirtti.<\/p>\n\n\n\n<p>3 Eyl\u00fcl 1998<\/p>\n","protected":false},"excerpt":{"rendered":"<p>\u0130\u00e7 sava\u015f korkusunun t\u0131rmand\u0131\u011f\u0131 Rusya\u2019da Devlet Ba\u015fkan\u0131 Boris Yeltsin ile kom\u00fcnistlerin \u00e7o\u011funlukta oldu\u011fu parlamentonun alt kanad\u0131 Duma aras\u0131ndaki gerginlik t\u0131rman\u0131yor. Daha \u00f6nce Yeltsin\u2019in baz\u0131 yetkilerini kendilerine devretmesi ve h\u00fck\u00fcmete al\u0131nmalar\u0131 kar\u015f\u0131l\u0131\u011f\u0131nda Viktor \u00c7ernom\u0131rdin\u2019in ba\u015fbakanl\u0131\u011f\u0131n\u0131 onaylamay\u0131 kabul etmeyen Duma\u2019daki kom\u00fcnistler, d\u00fcn de Yeltsin\u2019den yeni bir ba\u015fbakan aday\u0131 sunmas\u0131n\u0131 istedi. Pazartesi \u00c7ernom\u0131rdin\u2019in ba\u015fbakanl\u0131\u011f\u0131n\u0131 reddeden Duma yar\u0131n ikinci oylama i\u00e7in toplanacak. Duma\u2019daki milletvekilleri, \u00c7ernom\u0131rdin\u2019in \u00fclkeyi krizden \u00e7\u0131karamayaca\u011f\u0131n\u0131 belirterek, \u201cCenazeler, cinayetler ve facialar Rus ya\u015fam\u0131n\u0131n ana maddesi haline geldi. \u00c7ernom\u0131rdin\u2019i reddetmekle devlet ba\u015fkan\u0131n\u0131 istifaya \u00e7a\u011f\u0131r\u0131yoruz\u201d dedi. \u201cYeltsin \u00fclkeyi i\u00e7 sava\u015fa s\u00fcr\u00fckl\u00fcyor\u201d diyen Kom\u00fcnist Parti lideri Gennadi Z\u00fcganov da parlamentoyu yeni ba\u015fbakan aday\u0131 teklif etmeye<\/p>\n","protected":false},"author":1,"featured_media":56777,"comment_status":"closed","ping_status":"closed","sticky":false,"template":"","format":"standard","meta":{"footnotes":""},"categories":[1740],"tags":[56],"class_list":["post-100243","post","type-post","status-publish","format-standard","has-post-thumbnail","hentry","category-radikal-moskova","tag-moskova"],"_links":{"self":[{"href":"https:\/\/www.remgo.com\/11\/wp-json\/wp\/v2\/posts\/100243","targetHints":{"allow":["GET"]}}],"collection":[{"href":"https:\/\/www.remgo.com\/11\/wp-json\/wp\/v2\/posts"}],"about":[{"href":"https:\/\/www.remgo.com\/11\/wp-json\/wp\/v2\/types\/post"}],"author":[{"embeddable":true,"href":"https:\/\/www.remgo.com\/11\/wp-json\/wp\/v2\/users\/1"}],"replies":[{"embeddable":true,"href":"https:\/\/www.remgo.com\/11\/wp-json\/wp\/v2\/comments?post=100243"}],"version-history":[{"count":0,"href":"https:\/\/www.remgo.com\/11\/wp-json\/wp\/v2\/posts\/100243\/revisions"}],"wp:featuredmedia":[{"embeddable":true,"href":"https:\/\/www.remgo.com\/11\/wp-json\/wp\/v2\/media\/56777"}],"wp:attachment":[{"href":"https:\/\/www.remgo.com\/11\/wp-json\/wp\/v2\/media?parent=100243"}],"wp:term":[{"taxonomy":"category","embeddable":true,"href":"https:\/\/www.remgo.com\/11\/wp-json\/wp\/v2\/categories?post=100243"},{"taxonomy":"post_tag","embeddable":true,"href":"https:\/\/www.remgo.com\/11\/wp-json\/wp\/v2\/tags?post=100243"}],"curies":[{"name":"wp","href":"https:\/\/api.w.org\/{rel}","templated":true}]}}